{"id":213239,"date":"2013-06-15T17:22:07","date_gmt":"2013-06-15T17:22:07","guid":{"rendered":"http:\/\/diariodominicano.ddns.net\/?p=213239"},"modified":"2013-06-15T17:22:07","modified_gmt":"2013-06-15T17:22:07","slug":"realizan-festival-minibaloncesto-provincia-peravia","status":"publish","type":"post","link":"https:\/\/diariodominicano.com\/?p=213239","title":{"rendered":"Realizan festival minibaloncesto provincia Peravia"},"content":{"rendered":"<p><body><\/p>\n<p><img decoding=\"async\" src=\"img3\/peravia.jpg\" \/>  <\/p>\n<p><span class=\"text1noticias\">Peravia, Ban\u00ed, RD, 15 de Junio.-La Asociaci\u00f3n de Baloncesto de la Provincia Peravia (Asobape) celebr\u00f3 un Festival de Minibaloncesto con la participaci\u00f3n de 320 atletas, de 8 hasta los 12 a\u00f1os, en el polideportivo de Ban\u00ed, en la Provincia Peravia.<\/span><\/p>\n<\/p>\n<p><span class=\"text1noticias\">El dirigente deportivo Ismael D\u00edaz Melo, presidente de Asobape, inform\u00f3 que participaron m\u00e1s de 20 equipos en las ramas masculina y femenina con un total de 320 atletas, 250 varones y 70 ni\u00f1as de 8 a 12 a\u00f1os.<\/span><\/p>\n<\/p>\n<p><span class=\"text1noticias\"> Dijo que contaron con el apoyo de la Federaci\u00f3n Dominicana de Baloncesto (Fedombal) y su presidente Rafael Uribe, quien adem\u00e1s dirige la Comisi\u00f3n  Minibasket de Las Am\u00e9ricas, del ministro de Deportes Jaime David Fern\u00e1ndez Mirabal y el senador  Wilton Guerrero.<\/span><\/p>\n<\/p>\n<p><span class=\"text1noticias\">Compitieron los clubes Santana, Pizarrete, Las Barias, Fundaci\u00f3n de Peravia, Santa Rosa, Villa Majega, Santa Cruz, Pueblo Nuevo, 30 de Mayo, Juan Smith, Villa Sombrero y dos equipos del club San L\u00e1zaro.(HG)<\/span>.<\/p>\n<\/p>\n<h6> 2013-06-15 17:22:07 <\/h6>\n<p><!--\n<link rel=\"stylesheet\" href=\"css\/bootstrap.min.css\">\n\n\n<ul class=\"pagination\">\n\t    \n\t\n\n<li >\n\t<a href='?page_no=20348'>Previous<\/a>\n\t<\/li>\n\n\n       \n    \n\n<li><a href='?page_no=1'>1<\/a><\/li>\n\n\n\n<li><a href='?page_no=2'>2<\/a><\/li>\n\n\n\n<li><a>...<\/a><\/li>\n\n\n\n<li><a href='?page_no=20347'>20347<\/a><\/li>\n\n\n\n<li><a href='?page_no=20348'>20348<\/a><\/li>\n\n\n\n<li class='active'><a>20349<\/a><\/li>\n\n\n\n<li><a href='?page_no=20350'>20350<\/a><\/li>\n\n\n\n<li><a href='?page_no=20351'>20351<\/a><\/li>\n\n\n\n<li><a>...<\/a><\/li>\n\n\n\n<li><a href='?page_no=36618'>36618<\/a><\/li>\n\n\n\n<li><a href='?page_no=36619'>36619<\/a><\/li>\n\n    \n\t\n\n<li >\n\t<a href='?page_no=20350'>Next<\/a>\n\t<\/li>\n\n\n    \n\n<li><a href='?page_no=36619'>Last &rsaquo;&rsaquo;<\/a><\/li>\n\n<\/ul>\n\n\n--><br \/>\n<\/body><\/p>\n","protected":false},"excerpt":{"rendered":"<p>Peravia, Ban\u00ed, RD, 15 de Junio.-La Asociaci\u00f3n de Baloncesto de la Provincia Peravia (Asobape) celebr\u00f3 un Festival de Minibaloncesto con la participaci\u00f3n de 320 atletas, de 8 hasta los 12 a\u00f1os, en el polideportivo de Ban\u00ed, en la Provincia Peravia. El dirigente deportivo Ismael D\u00edaz Melo, presidente de Asobape, inform\u00f3 que participaron m\u00e1s de 20 [&hellip;]<\/p>\n","protected":false},"author":3,"featured_media":0,"comment_status":"open","ping_status":"open","sticky":false,"template":"","format":"standard","meta":{"footnotes":""},"categories":[17],"tags":[],"class_list":["post-213239","post","type-post","status-publish","format-standard","hentry","category-deportes"],"_links":{"self":[{"href":"https:\/\/diariodominicano.com\/index.php?rest_route=\/wp\/v2\/posts\/213239","targetHints":{"allow":["GET"]}}],"collection":[{"href":"https:\/\/diariodominicano.com\/index.php?rest_route=\/wp\/v2\/posts"}],"about":[{"href":"https:\/\/diariodominicano.com\/index.php?rest_route=\/wp\/v2\/types\/post"}],"author":[{"embeddable":true,"href":"https:\/\/diariodominicano.com\/index.php?rest_route=\/wp\/v2\/users\/3"}],"replies":[{"embeddable":true,"href":"https:\/\/diariodominicano.com\/index.php?rest_route=%2Fwp%2Fv2%2Fcomments&post=213239"}],"version-history":[{"count":0,"href":"https:\/\/diariodominicano.com\/index.php?rest_route=\/wp\/v2\/posts\/213239\/revisions"}],"wp:attachment":[{"href":"https:\/\/diariodominicano.com\/index.php?rest_route=%2Fwp%2Fv2%2Fmedia&parent=213239"}],"wp:term":[{"taxonomy":"category","embeddable":true,"href":"https:\/\/diariodominicano.com\/index.php?rest_route=%2Fwp%2Fv2%2Fcategories&post=213239"},{"taxonomy":"post_tag","embeddable":true,"href":"https:\/\/diariodominicano.com\/index.php?rest_route=%2Fwp%2Fv2%2Ftags&post=213239"}],"curies":[{"name":"wp","href":"https:\/\/api.w.org\/{rel}","templated":true}]}}