{"id":213234,"date":"2013-06-15T20:08:22","date_gmt":"2013-06-15T20:08:22","guid":{"rendered":"http:\/\/diariodominicano.ddns.net\/?p=213234"},"modified":"2013-06-15T20:08:22","modified_gmt":"2013-06-15T20:08:22","slug":"internos-penitenciarios-de-la-romana-ganan-torneo-de-domino","status":"publish","type":"post","link":"https:\/\/diariodominicano.com\/?p=213234","title":{"rendered":"Internos penitenciarios de La Romana ganan torneo de domin\u00f3"},"content":{"rendered":"<p><body><\/p>\n<p><img decoding=\"async\" src=\"http:\/\/localhost:8080\/img3\/domino.jpg\" \/>  <\/p>\n<p><span class=\"text1noticias\">La Romana, RD, 15 de Junio.-Un equipo integrado por internos  penitenciarios del Centro de Correcci\u00f3n y Rehabilitaci\u00f3n (CCR) de La Romana  se coron\u00f3 campe\u00f3n de un torneo de domin\u00f3 realizado en ese recinto con la participaci\u00f3n de integrantes del equipo de domin\u00f3 de la comunidad de Savica.<\/span><\/p>\n<\/p>\n<p><span class=\"text1noticias\">El evento fue celebrado con la participaci\u00f3n de seis internos de ese recinto penitenciario, que encabezaron la tabla de posiciones, as\u00ed como igual cantidad de miembros del equipo de Savica.<\/span><\/p>\n<\/p>\n<p><span class=\"text1noticias\">La actividad, que forma parte de los programas recreativos que desarrolla el Nuevo Modelo de Gesti\u00f3n Penitenciaria en los Centros de Correcci\u00f3n, se suma a los planes educativos que se imparten en esos centros y que est\u00e1n dirigidos a la regeneraci\u00f3n de los privados de libertad.<\/span><\/p>\n<\/p>\n<p><span class=\"text1noticias\">Voluntarios religiosos EEUU visitan CCR<\/span><\/p>\n<\/p>\n<p><span class=\"text1noticias\">En otro orden, el Nuevo Modelo de Gesti\u00f3n Penitenciaria inform\u00f3, que una delegaci\u00f3n de voluntarios religiosos de los Estados Unidos que visit\u00f3 el CCR de La Romana, dict\u00f3 una charla a los internos sobre los valores y el amor a Dios.<\/span><\/p>\n<\/p>\n<p><span class=\"text1noticias\">Acompa\u00f1ados de los miembros del Patronato Penitenciario de dicho centro, los integrantes de la delegaci\u00f3n extranjera tambi\u00e9n repartieron un kit de higiene personal a los internos.(HG<\/span>).<\/p>\n<\/p>\n<\/p>\n<h6> 2013-06-15 20:08:22 <\/h6>\n<p><!--\n<link rel=\"stylesheet\" href=\"css\/bootstrap.min.css\">\n\n\n<ul class=\"pagination\">\n\t    \n\t\n\n<li >\n\t<a href='?page_no=20343'>Previous<\/a>\n\t<\/li>\n\n\n       \n    \n\n<li><a href='?page_no=1'>1<\/a><\/li>\n\n\n\n<li><a href='?page_no=2'>2<\/a><\/li>\n\n\n\n<li><a>...<\/a><\/li>\n\n\n\n<li><a href='?page_no=20342'>20342<\/a><\/li>\n\n\n\n<li><a href='?page_no=20343'>20343<\/a><\/li>\n\n\n\n<li class='active'><a>20344<\/a><\/li>\n\n\n\n<li><a href='?page_no=20345'>20345<\/a><\/li>\n\n\n\n<li><a href='?page_no=20346'>20346<\/a><\/li>\n\n\n\n<li><a>...<\/a><\/li>\n\n\n\n<li><a href='?page_no=36618'>36618<\/a><\/li>\n\n\n\n<li><a href='?page_no=36619'>36619<\/a><\/li>\n\n    \n\t\n\n<li >\n\t<a href='?page_no=20345'>Next<\/a>\n\t<\/li>\n\n\n    \n\n<li><a href='?page_no=36619'>Last &rsaquo;&rsaquo;<\/a><\/li>\n\n<\/ul>\n\n\n--><br \/>\n<\/body><\/p>\n","protected":false},"excerpt":{"rendered":"<p>La Romana, RD, 15 de Junio.-Un equipo integrado por internos penitenciarios del Centro de Correcci\u00f3n y Rehabilitaci\u00f3n (CCR) de La Romana se coron\u00f3 campe\u00f3n de un torneo de domin\u00f3 realizado en ese recinto con la participaci\u00f3n de integrantes del equipo de domin\u00f3 de la comunidad de Savica. El evento fue celebrado con la participaci\u00f3n de [&hellip;]<\/p>\n","protected":false},"author":3,"featured_media":0,"comment_status":"open","ping_status":"open","sticky":false,"template":"","format":"standard","meta":{"footnotes":""},"categories":[17],"tags":[],"class_list":["post-213234","post","type-post","status-publish","format-standard","hentry","category-deportes"],"_links":{"self":[{"href":"https:\/\/diariodominicano.com\/index.php?rest_route=\/wp\/v2\/posts\/213234","targetHints":{"allow":["GET"]}}],"collection":[{"href":"https:\/\/diariodominicano.com\/index.php?rest_route=\/wp\/v2\/posts"}],"about":[{"href":"https:\/\/diariodominicano.com\/index.php?rest_route=\/wp\/v2\/types\/post"}],"author":[{"embeddable":true,"href":"https:\/\/diariodominicano.com\/index.php?rest_route=\/wp\/v2\/users\/3"}],"replies":[{"embeddable":true,"href":"https:\/\/diariodominicano.com\/index.php?rest_route=%2Fwp%2Fv2%2Fcomments&post=213234"}],"version-history":[{"count":0,"href":"https:\/\/diariodominicano.com\/index.php?rest_route=\/wp\/v2\/posts\/213234\/revisions"}],"wp:attachment":[{"href":"https:\/\/diariodominicano.com\/index.php?rest_route=%2Fwp%2Fv2%2Fmedia&parent=213234"}],"wp:term":[{"taxonomy":"category","embeddable":true,"href":"https:\/\/diariodominicano.com\/index.php?rest_route=%2Fwp%2Fv2%2Fcategories&post=213234"},{"taxonomy":"post_tag","embeddable":true,"href":"https:\/\/diariodominicano.com\/index.php?rest_route=%2Fwp%2Fv2%2Ftags&post=213234"}],"curies":[{"name":"wp","href":"https:\/\/api.w.org\/{rel}","templated":true}]}}