{"id":213227,"date":"2013-06-16T18:59:09","date_gmt":"2013-06-16T18:59:09","guid":{"rendered":"http:\/\/diariodominicano.ddns.net\/?p=213227"},"modified":"2013-06-16T18:59:09","modified_gmt":"2013-06-16T18:59:09","slug":"jorge-lorenzo-gana-el-gran-premio-de-cataluna-en-motogp","status":"publish","type":"post","link":"https:\/\/diariodominicano.com\/?p=213227","title":{"rendered":"Jorge Lorenzo gana el Gran Premio de Catalu\u00f1a en MotoGP"},"content":{"rendered":"<p><body><\/p>\n<p><img decoding=\"async\" src=\"img3\/lorenzao 16.jpg\" \/>  <\/p>\n<p>. &#8211; Jorge Lorenzo super\u00f3 a los astros de Honda Dani Pedrosa y Marc M\u00e1rquez para ganar el domingo el Gran Premio de Catalu\u00f1a en MotoGP y acercarse al puntero en el campeonato.<\/p>\n<\/p>\n<p>El monarca mundial vigente parti\u00f3 desde el tercer lugar de largada pero maniobr\u00f3 su Yamaha para adelantarse a Pedrosa, que ten\u00eda la \u00abpole\u00bb, antes de la primera curva y nunca dej\u00f3 la punta.<\/p>\n<\/p>\n<p>\u00abMi largada fue muy importante\u00bb, afirm\u00f3 Lorenzo. \u00abLargu\u00e9 mejor de lo que esperaba y pude pasar a Dani. Despu\u00e9s fue la cacer\u00eda del gato y rat\u00f3n durante un rato hasta que pude abrir una brecha\u00bb.<\/p>\n<\/p>\n<p>El vig\u00e9simo triunfo de Lorenzo en su carrera lo deja segundo en MotoGP con 116 puntos. Pedrosa lleg\u00f3 segundo y sigue encabezando las posiciones, ahora con 123 unidades.<\/p>\n<\/p>\n<p>M\u00e1rquez complet\u00f3 el tr\u00edo de espa\u00f1oles en los tres primeros puestos. Est\u00e1 tercero en el campeonato con 93 puntos.<\/p>\n<\/p>\n<p>La temperatura en la pista alcanz\u00f3 los 51 grados cent\u00edgrados, factor que provoc\u00f3 varios choques cuando sus neum\u00e1ticos perdieron agarre en el Circuito de Catalunya de 4,73 kil\u00f3metros (2,94 millas).<\/p>\n<\/p>\n<p>Lorenzo tuvo un desempe\u00f1o impecable para mantener a Pedrosa a raya al promediar la carrera. Despu\u00e9s de dar batalla, Pedrosa<\/p>\n<p>se preocup\u00f3 m\u00e1s de mantener el segundo puesto que arriesgarse a que M\u00e1rquez lo pasara.<\/p>\n<\/p>\n<p>El siete veces campe\u00f3n mundial Valentino Rossi lleg\u00f3 cuarto, a m\u00e1s de cinco segundos del puntero. El brit\u00e1nico Cal Cructhlow, que parti\u00f3 del segundo lugar, se despist\u00f3 en una curva cuando iba cuarto.<\/p>\n<\/p>\n<p>Pedrosa dijo que el calor afect\u00f3 a todos.<\/p>\n<\/p>\n<p>\u00abAl comienzo estaba c\u00f3modo con Jorge, pero despu\u00e9s los neum\u00e1ticos empezaron a degradarse y los tres anduvimos m\u00e1s lentos\u00bb, dijo Pedrosa. \u00abYo estaba lejos de Jorge y nunca me pude acercar como para tratar de pasarlo. Era f\u00e1cil caerse y por eso no quise correr riesgos\u00bb.<\/p>\n<\/p>\n<p>En Moto2, los espa\u00f1oles Pol Espargaro y Esteve Rabat se distanciaron del resto y llegaron primero y segundo. El suizo Thomas Luthi qued\u00f3 tercero.<\/p>\n<\/p>\n<p>El brit\u00e1nico Scott Redding, cuarto, lleva la delantera en el campeonato de la categor\u00eda con 114 puntos, seguido de Espargaro con 79 y Rabat 75.<\/p>\n<\/p>\n<p>En Moto3, Luis Salom super\u00f3 a sus compatriotas espa\u00f1oles Alex rins y Maverick Vi\u00f1ales para imponerse en la carrera del domingo y pasara al frente en el campeonato. Le siguieron Rins y Vi\u00f1ales.<\/p>\n<\/p>\n<p>En el campeonato Salom est\u00e1 primero con 127 puntos, Vi\u00f1ales tiene 122 y Rins 101. Los motociclistas espa\u00f1oles se alzaron con ocho de los nueve puestos en el podio.<\/p>\n<\/p>\n<h6> 2013-06-16 18:59:09 <\/h6>\n<p><!--\n<link rel=\"stylesheet\" href=\"css\/bootstrap.min.css\">\n\n\n<ul class=\"pagination\">\n\t    \n\t\n\n<li >\n\t<a href='?page_no=20336'>Previous<\/a>\n\t<\/li>\n\n\n       \n    \n\n<li><a href='?page_no=1'>1<\/a><\/li>\n\n\n\n<li><a href='?page_no=2'>2<\/a><\/li>\n\n\n\n<li><a>...<\/a><\/li>\n\n\n\n<li><a href='?page_no=20335'>20335<\/a><\/li>\n\n\n\n<li><a href='?page_no=20336'>20336<\/a><\/li>\n\n\n\n<li class='active'><a>20337<\/a><\/li>\n\n\n\n<li><a href='?page_no=20338'>20338<\/a><\/li>\n\n\n\n<li><a href='?page_no=20339'>20339<\/a><\/li>\n\n\n\n<li><a>...<\/a><\/li>\n\n\n\n<li><a href='?page_no=36618'>36618<\/a><\/li>\n\n\n\n<li><a href='?page_no=36619'>36619<\/a><\/li>\n\n    \n\t\n\n<li >\n\t<a href='?page_no=20338'>Next<\/a>\n\t<\/li>\n\n\n    \n\n<li><a href='?page_no=36619'>Last &rsaquo;&rsaquo;<\/a><\/li>\n\n<\/ul>\n\n\n--><br \/>\n<\/body><\/p>\n","protected":false},"excerpt":{"rendered":"<p>. &#8211; Jorge Lorenzo super\u00f3 a los astros de Honda Dani Pedrosa y Marc M\u00e1rquez para ganar el domingo el Gran Premio de Catalu\u00f1a en MotoGP y acercarse al puntero en el campeonato. El monarca mundial vigente parti\u00f3 desde el tercer lugar de largada pero maniobr\u00f3 su Yamaha para adelantarse a Pedrosa, que ten\u00eda la [&hellip;]<\/p>\n","protected":false},"author":3,"featured_media":0,"comment_status":"open","ping_status":"open","sticky":false,"template":"","format":"standard","meta":{"footnotes":""},"categories":[17],"tags":[],"class_list":["post-213227","post","type-post","status-publish","format-standard","hentry","category-deportes"],"_links":{"self":[{"href":"https:\/\/diariodominicano.com\/index.php?rest_route=\/wp\/v2\/posts\/213227","targetHints":{"allow":["GET"]}}],"collection":[{"href":"https:\/\/diariodominicano.com\/index.php?rest_route=\/wp\/v2\/posts"}],"about":[{"href":"https:\/\/diariodominicano.com\/index.php?rest_route=\/wp\/v2\/types\/post"}],"author":[{"embeddable":true,"href":"https:\/\/diariodominicano.com\/index.php?rest_route=\/wp\/v2\/users\/3"}],"replies":[{"embeddable":true,"href":"https:\/\/diariodominicano.com\/index.php?rest_route=%2Fwp%2Fv2%2Fcomments&post=213227"}],"version-history":[{"count":0,"href":"https:\/\/diariodominicano.com\/index.php?rest_route=\/wp\/v2\/posts\/213227\/revisions"}],"wp:attachment":[{"href":"https:\/\/diariodominicano.com\/index.php?rest_route=%2Fwp%2Fv2%2Fmedia&parent=213227"}],"wp:term":[{"taxonomy":"category","embeddable":true,"href":"https:\/\/diariodominicano.com\/index.php?rest_route=%2Fwp%2Fv2%2Fcategories&post=213227"},{"taxonomy":"post_tag","embeddable":true,"href":"https:\/\/diariodominicano.com\/index.php?rest_route=%2Fwp%2Fv2%2Ftags&post=213227"}],"curies":[{"name":"wp","href":"https:\/\/api.w.org\/{rel}","templated":true}]}}