{"id":213222,"date":"2013-06-17T15:55:47","date_gmt":"2013-06-17T15:55:47","guid":{"rendered":"http:\/\/diariodominicano.ddns.net\/?p=213222"},"modified":"2013-06-17T15:55:47","modified_gmt":"2013-06-17T15:55:47","slug":"fedoboxa-firma-contrato-con-pugiles-para-nivel-profesional","status":"publish","type":"post","link":"https:\/\/diariodominicano.com\/?p=213222","title":{"rendered":"Fedoboxa firma contrato con p\u00fagiles para nivel profesional"},"content":{"rendered":"<p><body><\/p>\n<p>Santo Domingo RD 17 junio.- La Federaci\u00f3n Dominicana de Boxeo (Fedoboxa), firm\u00f3 contrato con un grupo de ocho boxeadores y sus padres o tutores en ruta a los Juegos Ol\u00edmpicos de R\u00edo de Janeiro, Brasil, programados para celebrarse en 2016.<\/p>\n<\/p>\n<p>El acuerdo, denominado ?Programa Box 2016?, fue firmado en las oficinas de la Fedoboxa, ubicadas en el coliseo Carlos -Teo- Cruz.<\/p>\n<\/p>\n<p>Entre los boxeadores que se acoger\u00e1n al citado programa figuran de categor\u00eda superior y juveniles, quienes trabajar\u00e1n intensamente en procura de adquirir la preparaci\u00f3n que les permita, primero, clasificar, y, luego,  representar a Rep\u00fablica Dominicana en los pr\u00f3ximos Juegos Ol\u00edmpicos.<\/p>\n<\/p>\n<p>La Federaci\u00f3n Dominicana se comprometi\u00f3 a proporcionar las facilidades necesarias para que los integrantes del programa puedan desarrollar sus actividades en condiciones adecuadas, mientras que los p\u00fagiles deber\u00e1n cumplir con una serie de compromisos, que incluyen responsabilidades acad\u00e9micas.<\/p>\n<\/p>\n<p>El grupo est\u00e1 integrado en categor\u00eda superior por Yenebier Guillen, Ra\u00fal S\u00e1nchez, H\u00e9ctor Luis Garc\u00eda, Carlos Adames y Johan Santos.<\/p>\n<\/p>\n<p>En juvenil, lo conforman Daniel Santill\u00e1n, Joaqu\u00edn Berroa y Juan Ram\u00f3n Solano.El grupo de boxeadores deber\u00e1 acogerse a un plan de entrenamiento riguroso con e prop\u00f3sito de obtener los mejores resultados deportivos, por lo que tendr\u00e1n que entregarse a la pr\u00e1ctica y aprendizaje del boxeo, con dedicaci\u00f3n, esmero, disciplina y obediencia a sus instructores.<\/p>\n<\/p>\n<p>Bienvenido Solano, presidente de la Federaci\u00f3n Dominicana de Boxeo y quien firm\u00f3 el contrato en representaci\u00f3n de la entidad, expuso que los atletas seleccionados recibir\u00e1n beneficios econ\u00f3micos variables como incentivos y ayuda para sus necesidades prioritarias.<\/p>\n<\/p>\n<p>Deber\u00e1n, adem\u00e1s, dedicar el tiempo planificado para sus estudios acad\u00e9micos y realizar\u00e1n sus tareas en el tiempo libre, con el prop\u00f3sito de que el atleta pueda alcanzar una formaci\u00f3n integral, como individuo \u00fatil a la sociedad, condici\u00f3n indispensable para continuar dentro del indicado programa.<\/p>\n<\/p>\n<p>El atleta de este programa se compromete a representar a Rep\u00fablica Dominicana en \u00f3ptimas condiciones en todos los eventos que forman parte del ciclo ol\u00edmpico y otros campeonatos nacionales e internacionales.<\/p>\n<\/p>\n<p>La Federaci\u00f3n se compromete a pagar a su discreci\u00f3n una suma de dinero mensual, acorde con el comportamiento y rendimiento del atleta, la cual oscilar\u00e1 entre cinco y siete mil pesos mensuales, independientemente de cualquier otra retribuci\u00f3n que pudiera recibir el atleta, sea proveniente de programas estatales, privados o militares.<\/p>\n<\/p>\n<p>En el contrato se establecen las causas que pondr\u00edan fin al mismo, entre las que se incluyen que el atleta no apruebe o repruebe al a\u00f1o escolar, por abandonar sus estudios, por falta de dedicaci\u00f3n a la pr\u00e1ctica del boxeo, entre otras.<\/p>\n<\/p>\n<p>of-am<\/p>\n<\/p>\n<h6> 2013-06-17 15:55:47 <\/h6>\n<p><!--\n<link rel=\"stylesheet\" href=\"css\/bootstrap.min.css\">\n\n\n<ul class=\"pagination\">\n\t    \n\t\n\n<li >\n\t<a href='?page_no=20331'>Previous<\/a>\n\t<\/li>\n\n\n       \n    \n\n<li><a href='?page_no=1'>1<\/a><\/li>\n\n\n\n<li><a href='?page_no=2'>2<\/a><\/li>\n\n\n\n<li><a>...<\/a><\/li>\n\n\n\n<li><a href='?page_no=20330'>20330<\/a><\/li>\n\n\n\n<li><a href='?page_no=20331'>20331<\/a><\/li>\n\n\n\n<li class='active'><a>20332<\/a><\/li>\n\n\n\n<li><a href='?page_no=20333'>20333<\/a><\/li>\n\n\n\n<li><a href='?page_no=20334'>20334<\/a><\/li>\n\n\n\n<li><a>...<\/a><\/li>\n\n\n\n<li><a href='?page_no=36618'>36618<\/a><\/li>\n\n\n\n<li><a href='?page_no=36619'>36619<\/a><\/li>\n\n    \n\t\n\n<li >\n\t<a href='?page_no=20333'>Next<\/a>\n\t<\/li>\n\n\n    \n\n<li><a href='?page_no=36619'>Last &rsaquo;&rsaquo;<\/a><\/li>\n\n<\/ul>\n\n\n--><br \/>\n<\/body><\/p>\n","protected":false},"excerpt":{"rendered":"<p>Santo Domingo RD 17 junio.- La Federaci\u00f3n Dominicana de Boxeo (Fedoboxa), firm\u00f3 contrato con un grupo de ocho boxeadores y sus padres o tutores en ruta a los Juegos Ol\u00edmpicos de R\u00edo de Janeiro, Brasil, programados para celebrarse en 2016. El acuerdo, denominado ?Programa Box 2016?, fue firmado en las oficinas de la Fedoboxa, ubicadas [&hellip;]<\/p>\n","protected":false},"author":3,"featured_media":0,"comment_status":"open","ping_status":"open","sticky":false,"template":"","format":"standard","meta":{"footnotes":""},"categories":[17],"tags":[],"class_list":["post-213222","post","type-post","status-publish","format-standard","hentry","category-deportes"],"_links":{"self":[{"href":"https:\/\/diariodominicano.com\/index.php?rest_route=\/wp\/v2\/posts\/213222","targetHints":{"allow":["GET"]}}],"collection":[{"href":"https:\/\/diariodominicano.com\/index.php?rest_route=\/wp\/v2\/posts"}],"about":[{"href":"https:\/\/diariodominicano.com\/index.php?rest_route=\/wp\/v2\/types\/post"}],"author":[{"embeddable":true,"href":"https:\/\/diariodominicano.com\/index.php?rest_route=\/wp\/v2\/users\/3"}],"replies":[{"embeddable":true,"href":"https:\/\/diariodominicano.com\/index.php?rest_route=%2Fwp%2Fv2%2Fcomments&post=213222"}],"version-history":[{"count":0,"href":"https:\/\/diariodominicano.com\/index.php?rest_route=\/wp\/v2\/posts\/213222\/revisions"}],"wp:attachment":[{"href":"https:\/\/diariodominicano.com\/index.php?rest_route=%2Fwp%2Fv2%2Fmedia&parent=213222"}],"wp:term":[{"taxonomy":"category","embeddable":true,"href":"https:\/\/diariodominicano.com\/index.php?rest_route=%2Fwp%2Fv2%2Fcategories&post=213222"},{"taxonomy":"post_tag","embeddable":true,"href":"https:\/\/diariodominicano.com\/index.php?rest_route=%2Fwp%2Fv2%2Ftags&post=213222"}],"curies":[{"name":"wp","href":"https:\/\/api.w.org\/{rel}","templated":true}]}}