{"id":213220,"date":"2013-06-17T19:53:40","date_gmt":"2013-06-17T19:53:40","guid":{"rendered":"http:\/\/diariodominicano.ddns.net\/?p=213220"},"modified":"2013-06-17T19:53:40","modified_gmt":"2013-06-17T19:53:40","slug":"coronado-gana-categoria-a-enduro-monsa","status":"publish","type":"post","link":"https:\/\/diariodominicano.com\/?p=213220","title":{"rendered":"Coronado gana categor\u00eda A enduro MONSA"},"content":{"rendered":"<p><body><\/p>\n<p><img decoding=\"async\" src=\"img3\/enduro.JPG\" \/>  <\/p>\n<p><span class=\"text1noticias\">Santiago, RD, 17 de Junio.-El piloto vegano, Jobel Coronado gan\u00f3 la categor\u00eda A del enduro organizado por los Monteadores de Santiago (MONSA), v\u00e1lido para el campeonato nacional.<\/span><\/p>\n<\/p>\n<p><span class=\"text1noticias\">Para ganar el evento, corrido el pasado domingo por varias comunidades de esta provincia, Coronado sum\u00f3 apenas 12 faltas, fue seguido por el capitale\u00f1o, Gabriel Lister, quien lleg\u00f3 segundo, con 14 y el hermano del ganador, Jos\u00e9 Coronado, con 16, tercero.<\/span><\/p>\n<\/p>\n<p><span class=\"text1noticias\">Mientras que el capitale\u00f1o, Ren\u00e9 Columna, result\u00f3 vencedor en master A, con 23 faltas, al tiempo que Modesto Garc\u00eda fue segundo, con 24 y Omar Troncoso, tercero, con 78.<\/span><\/p>\n<\/p>\n<p><span class=\"text1noticias\">El capitale\u00f1o, Manuel Le\u00f3n, gan\u00f3 la categor\u00eda B, con 29 faltas, arribando segundo, Juan Antonio Claudio, con 34 y tercero, Alfred Cid, con 43.<\/span><\/p>\n<\/p>\n<p><span class=\"text1noticias\">Categor\u00eda master B: Primero, Franklin Castillo; segundo, Joselito Dur\u00e1n y tercero, Amaury Astacio, mientras que en la C, primero, Javel Cuevas; segundo, Johnson Basora y tercero, Danny Santos.<\/span><\/p>\n<\/p>\n<p><span class=\"text1noticias\">Categor\u00eda D: Primero, Rafi Moya; segundo, Samuel Medina y tercero, Milciades Ram\u00edrez.<\/span><\/p>\n<\/p>\n<p><span class=\"text1noticias\">El evento fue corrido por diversas calles y avenidas asfaltadas, as\u00ed como por camino vecinales, cruzando arroyos y r\u00edos de la monta\u00f1a Septentrional, transitaron por varias comunidades de esta provincia en distancia de unas 160 millas en cinco horas, participaron unos doscientos pilotos.(HG)<\/span>.<\/p>\n<\/p>\n<h6> 2013-06-17 19:53:40 <\/h6>\n<p><!--\n<link rel=\"stylesheet\" href=\"css\/bootstrap.min.css\">\n\n\n<ul class=\"pagination\">\n\t    \n\t\n\n<li >\n\t<a href='?page_no=20329'>Previous<\/a>\n\t<\/li>\n\n\n       \n    \n\n<li><a href='?page_no=1'>1<\/a><\/li>\n\n\n\n<li><a href='?page_no=2'>2<\/a><\/li>\n\n\n\n<li><a>...<\/a><\/li>\n\n\n\n<li><a href='?page_no=20328'>20328<\/a><\/li>\n\n\n\n<li><a href='?page_no=20329'>20329<\/a><\/li>\n\n\n\n<li class='active'><a>20330<\/a><\/li>\n\n\n\n<li><a href='?page_no=20331'>20331<\/a><\/li>\n\n\n\n<li><a href='?page_no=20332'>20332<\/a><\/li>\n\n\n\n<li><a>...<\/a><\/li>\n\n\n\n<li><a href='?page_no=36618'>36618<\/a><\/li>\n\n\n\n<li><a href='?page_no=36619'>36619<\/a><\/li>\n\n    \n\t\n\n<li >\n\t<a href='?page_no=20331'>Next<\/a>\n\t<\/li>\n\n\n    \n\n<li><a href='?page_no=36619'>Last &rsaquo;&rsaquo;<\/a><\/li>\n\n<\/ul>\n\n\n--><br \/>\n<\/body><\/p>\n","protected":false},"excerpt":{"rendered":"<p>Santiago, RD, 17 de Junio.-El piloto vegano, Jobel Coronado gan\u00f3 la categor\u00eda A del enduro organizado por los Monteadores de Santiago (MONSA), v\u00e1lido para el campeonato nacional. Para ganar el evento, corrido el pasado domingo por varias comunidades de esta provincia, Coronado sum\u00f3 apenas 12 faltas, fue seguido por el capitale\u00f1o, Gabriel Lister, quien lleg\u00f3 [&hellip;]<\/p>\n","protected":false},"author":3,"featured_media":0,"comment_status":"open","ping_status":"open","sticky":false,"template":"","format":"standard","meta":{"footnotes":""},"categories":[17],"tags":[],"class_list":["post-213220","post","type-post","status-publish","format-standard","hentry","category-deportes"],"_links":{"self":[{"href":"https:\/\/diariodominicano.com\/index.php?rest_route=\/wp\/v2\/posts\/213220","targetHints":{"allow":["GET"]}}],"collection":[{"href":"https:\/\/diariodominicano.com\/index.php?rest_route=\/wp\/v2\/posts"}],"about":[{"href":"https:\/\/diariodominicano.com\/index.php?rest_route=\/wp\/v2\/types\/post"}],"author":[{"embeddable":true,"href":"https:\/\/diariodominicano.com\/index.php?rest_route=\/wp\/v2\/users\/3"}],"replies":[{"embeddable":true,"href":"https:\/\/diariodominicano.com\/index.php?rest_route=%2Fwp%2Fv2%2Fcomments&post=213220"}],"version-history":[{"count":0,"href":"https:\/\/diariodominicano.com\/index.php?rest_route=\/wp\/v2\/posts\/213220\/revisions"}],"wp:attachment":[{"href":"https:\/\/diariodominicano.com\/index.php?rest_route=%2Fwp%2Fv2%2Fmedia&parent=213220"}],"wp:term":[{"taxonomy":"category","embeddable":true,"href":"https:\/\/diariodominicano.com\/index.php?rest_route=%2Fwp%2Fv2%2Fcategories&post=213220"},{"taxonomy":"post_tag","embeddable":true,"href":"https:\/\/diariodominicano.com\/index.php?rest_route=%2Fwp%2Fv2%2Ftags&post=213220"}],"curies":[{"name":"wp","href":"https:\/\/api.w.org\/{rel}","templated":true}]}}