{"id":213218,"date":"2013-06-17T21:01:08","date_gmt":"2013-06-17T21:01:08","guid":{"rendered":"http:\/\/diariodominicano.ddns.net\/?p=213218"},"modified":"2013-06-17T21:01:08","modified_gmt":"2013-06-17T21:01:08","slug":"cod-saluda-operativo-limpieza-en-futbol-parque-este","status":"publish","type":"post","link":"https:\/\/diariodominicano.com\/?p=213218","title":{"rendered":"COD saluda operativo limpieza en futbol Parque Este"},"content":{"rendered":"<p><body><\/p>\n<p><img decoding=\"async\" src=\"img3\/luisin.jpg\" \/>  <\/p>\n<p><span class=\"text1noticias\">Santo Domingo, RD, 17 de Junio.-El presidente del Comit\u00e9 Ol\u00edmpico Dominicano (COD), licenciado Luis Mej\u00eda salud\u00f3 la medida del Ministerio de Deportes de asumir la limpieza y reacondicionamiento de la cancha de f\u00fatbol del complejo Parque del Este.<\/span><\/p>\n<\/p>\n<p><span class=\"text1noticias\">Mej\u00eda dijo que le satisface la medida para limpiar y arreglar todo lo que est\u00e9 da\u00f1ado, pero deplor\u00f3 el hecho de que se haya roto una de las puertas de acceso para penetrar a la instalaci\u00f3n.<\/span><\/p>\n<\/p>\n<p><span class=\"text1noticias\">El coronel de la Marina de Guerra, Am\u00edlcar Gonz\u00e1lez Lizardo, quien est\u00e1 al frente de una brigada mixta de civiles y militares, le asegur\u00f3 a Mej\u00eda que su presencia era para acondicionar el lugar y que al t\u00e9rmino de los trabajos la Federaci\u00f3n de F\u00fatbol seguir\u00eda al frente de la estructura.<\/span><\/p>\n<\/p>\n<p><span class=\"text1noticias\">Temprano en horas de la ma\u00f1ana de este lunes, se filtr\u00f3 la informaci\u00f3n de que el domingo en tarde el ministro de Deportes, Jaime David Fern\u00e1ndez Mirabal, hab\u00eda roto la puerta de entrada de la instalaci\u00f3n del Parque del Este.<\/span><\/p>\n<\/p>\n<p><span class=\"text1noticias\">Ante lo supuestamente ocurrido, el presidente de la Federaci\u00f3n Dominicana de F\u00fatbol (Fedof\u00fatbol), Osiris Guzm\u00e1n, se aperson\u00f3 al Parque del Este y que militares le hab\u00edan impedido entrar a la edificaci\u00f3n.<\/span><\/p>\n<\/p>\n<p><span class=\"text1noticias\">El presidente del COD, Luis Mej\u00eda, se dirigi\u00f3 al lugar y el coronel Am\u00edlcar Gonz\u00e1lez Lizardo , desminti\u00f3 que Fern\u00e1ndez Mirabal haya ocupado la instalaci\u00f3n de f\u00fatbol y que solo estaban llevando a cabo un operativo de limpieza y que no se jugar\u00e1 ni se har\u00e1 ning\u00fan tipo de actividad hasta tanto no se concluya.<\/span><\/p>\n<\/p>\n<p><span class=\"text1noticias\">??Desapruebo en su totalidad a quien rompiera la puerta de esta instalaci\u00f3n de f\u00fatbol??, sostuvo Mej\u00eda al ser cuestionado por los medios de prensa sobre qui\u00e9n hab\u00eda roto la puerta de cristal.<\/span><\/p>\n<\/p>\n<p><span class=\"text1noticias\">Osiris Guzm\u00e1n explic\u00f3 que dio a conocer su preocupaci\u00f3n de que le fueran a quitar el control de esa edificaci\u00f3n, el cual ha administrado desde hace 10 anos.<\/span><\/p>\n<\/p>\n<p><span class=\"text1noticias\">Tanto el personal militar como la parte de la Fedof\u00fatbol ofrec\u00edan una versi\u00f3n distinta de lo que suced\u00eda, lo que provoc\u00f3 cierta confusi\u00f3n de lo que verdaderamente estaba aconteciendo.<\/span><\/p>\n<\/p>\n<p><span class=\"text1noticias\">Sin embargo, tanto en el interior como en la parte exterior, militares trabajaban arduamente en la limpieza y acondicionamiento de la edificaci\u00f3n.(HG)<\/span>.<\/p>\n<h6> 2013-06-17 21:01:08 <\/h6>\n<p><!--\n<link rel=\"stylesheet\" href=\"css\/bootstrap.min.css\">\n\n\n<ul class=\"pagination\">\n\t    \n\t\n\n<li >\n\t<a href='?page_no=20327'>Previous<\/a>\n\t<\/li>\n\n\n       \n    \n\n<li><a href='?page_no=1'>1<\/a><\/li>\n\n\n\n<li><a href='?page_no=2'>2<\/a><\/li>\n\n\n\n<li><a>...<\/a><\/li>\n\n\n\n<li><a href='?page_no=20326'>20326<\/a><\/li>\n\n\n\n<li><a href='?page_no=20327'>20327<\/a><\/li>\n\n\n\n<li class='active'><a>20328<\/a><\/li>\n\n\n\n<li><a href='?page_no=20329'>20329<\/a><\/li>\n\n\n\n<li><a href='?page_no=20330'>20330<\/a><\/li>\n\n\n\n<li><a>...<\/a><\/li>\n\n\n\n<li><a href='?page_no=36618'>36618<\/a><\/li>\n\n\n\n<li><a href='?page_no=36619'>36619<\/a><\/li>\n\n    \n\t\n\n<li >\n\t<a href='?page_no=20329'>Next<\/a>\n\t<\/li>\n\n\n    \n\n<li><a href='?page_no=36619'>Last &rsaquo;&rsaquo;<\/a><\/li>\n\n<\/ul>\n\n\n--><br \/>\n<\/body><\/p>\n","protected":false},"excerpt":{"rendered":"<p>Santo Domingo, RD, 17 de Junio.-El presidente del Comit\u00e9 Ol\u00edmpico Dominicano (COD), licenciado Luis Mej\u00eda salud\u00f3 la medida del Ministerio de Deportes de asumir la limpieza y reacondicionamiento de la cancha de f\u00fatbol del complejo Parque del Este. Mej\u00eda dijo que le satisface la medida para limpiar y arreglar todo lo que est\u00e9 da\u00f1ado, pero [&hellip;]<\/p>\n","protected":false},"author":3,"featured_media":0,"comment_status":"open","ping_status":"open","sticky":false,"template":"","format":"standard","meta":{"footnotes":""},"categories":[17],"tags":[],"class_list":["post-213218","post","type-post","status-publish","format-standard","hentry","category-deportes"],"_links":{"self":[{"href":"https:\/\/diariodominicano.com\/index.php?rest_route=\/wp\/v2\/posts\/213218","targetHints":{"allow":["GET"]}}],"collection":[{"href":"https:\/\/diariodominicano.com\/index.php?rest_route=\/wp\/v2\/posts"}],"about":[{"href":"https:\/\/diariodominicano.com\/index.php?rest_route=\/wp\/v2\/types\/post"}],"author":[{"embeddable":true,"href":"https:\/\/diariodominicano.com\/index.php?rest_route=\/wp\/v2\/users\/3"}],"replies":[{"embeddable":true,"href":"https:\/\/diariodominicano.com\/index.php?rest_route=%2Fwp%2Fv2%2Fcomments&post=213218"}],"version-history":[{"count":0,"href":"https:\/\/diariodominicano.com\/index.php?rest_route=\/wp\/v2\/posts\/213218\/revisions"}],"wp:attachment":[{"href":"https:\/\/diariodominicano.com\/index.php?rest_route=%2Fwp%2Fv2%2Fmedia&parent=213218"}],"wp:term":[{"taxonomy":"category","embeddable":true,"href":"https:\/\/diariodominicano.com\/index.php?rest_route=%2Fwp%2Fv2%2Fcategories&post=213218"},{"taxonomy":"post_tag","embeddable":true,"href":"https:\/\/diariodominicano.com\/index.php?rest_route=%2Fwp%2Fv2%2Ftags&post=213218"}],"curies":[{"name":"wp","href":"https:\/\/api.w.org\/{rel}","templated":true}]}}