{"id":213210,"date":"2013-06-18T20:59:47","date_gmt":"2013-06-18T20:59:47","guid":{"rendered":"http:\/\/diariodominicano.ddns.net\/?p=213210"},"modified":"2013-06-18T20:59:47","modified_gmt":"2013-06-18T20:59:47","slug":"asofutsado-niega-militarizacion-estadio-de-futbol","status":"publish","type":"post","link":"https:\/\/diariodominicano.com\/?p=213210","title":{"rendered":"Asofutsado niega militarizaci\u00f3n estadio de f\u00fatbol"},"content":{"rendered":"<p><body><\/p>\n<p><span class=\"text1noticias\">Santo Domingo, RD, 18 de Junio.-El Comit\u00e9 Ejecutivo de la Asociaci\u00f3n de F\u00fatbol de la Provincia Santo Domingo (Asofutsado) rechaz\u00f3 la versi\u00f3n ofrecida a distintos medios de prensa por el presidente de la Federaci\u00f3n Dominicana de F\u00fatbol, de que el Ministerio de Deportes haya militarizado el estadio del Parque del Este.<\/span><\/p>\n<\/p>\n<p><span class=\"text1noticias\">La entidad que preside el licenciado Rafael Polanco se\u00f1al\u00f3 que de antemano sab\u00eda que el estadio ser\u00eda remozado con mira al pr\u00f3ximo torneo de la Asociaci\u00f3n, cuyo inicio est\u00e1 programado para el 6 de julio con 40 equipos en las categor\u00edas menores y femenil.<\/span><\/p>\n<\/p>\n<p><span class=\"text1noticias\">\u00abEl Ministerio solamente estaba esperando la finalizaci\u00f3n de nuestro torneo superior, que debi\u00f3 terminar el domingo 9 de junio y por razones de lluvias culmin\u00f3 el pasado domingo 16 y ya el lunes estaban las brigadas del Ministerio desarrollando la rehabilitaci\u00f3n\u00bb, asegura la Asofutsado en nota informativa.<\/span><\/p>\n<\/p>\n<p><span class=\"text1noticias\">En la misma dice apoyar la labor que realizan los militares en las instalaciones deportivas  a su cargo, por la organizaci\u00f3n, orden y limpieza que reflejan las mismas.<\/span><\/p>\n<\/p>\n<p><span class=\"text1noticias\">\u00abLas grader\u00edas m\u00f3viles y verjas del estadio de f\u00fatbol del Parque del Este casi completas se las han llevado, cosa que ha sido frenada con la seguridad actual\u00bb, agrega la nota.<\/span><\/p>\n<\/p>\n<p><span class=\"text1noticias\">Los dirigentes deploraron que las puertas, los ba\u00f1os y los camerinos del estadio de f\u00fatbol del Parque del Este estuvieran cerrados en la final del torneo superior el pasado domingo, donde hab\u00eda cientos de personas, especial mente por las damas, los ni\u00f1os y ni\u00f1as que se dieron cita.<\/span><\/p>\n<\/p>\n<p><span class=\"text1noticias\">\u00abNo entendemos la preocupaci\u00f3n del presidente de la FEDOFUTBOL, Osiris  Guzm\u00e1n, por la rotura de una puerta, cuando la Federaci\u00f3n ha administrado estas instalaciones sin hacer nada para evitar el deterioro en que se encuentra\u00bb, apunta la nota.<\/span><\/p>\n<\/p>\n<p><span class=\"text1noticias\">\u00abY peor a\u00fan\u00bb ?agrega-. \u00abNos preguntamos qu\u00e9 pas\u00f3 con los US$400,000.00 que dio la Federaci\u00f3n Internacional de F\u00fatbol de Asociaciones (FIFA) a la FEDOFUTBOL para la rehabilitaci\u00f3n de este estadio y del Panamericano de San Crist\u00f3bal, pero en el del Parque del Este no se hizo nada\u00bb.<\/span><\/p>\n<\/p>\n<p><span class=\"text1noticias\">El comit\u00e9 ejecutivo de la Asofutsado dice estar agradecido del ministro de Deportes, doctor Jaime David Fern\u00e1ndez Mirabal, \u00abquien nos ofreci\u00f3 la administraci\u00f3n del campo de f\u00fatbol del Parque del Este, luego de que se concluya la rehabilitaci\u00f3n\u00bb, como se hace en todas la provincias del pa\u00eds que las Asociaciones administran las instalaciones deportivas.<\/span><\/p>\n<\/p>\n<p><span class=\"text1noticias\">Junto con el licenciado Polanco, asumen la responsabilidad de la nota los miembros del Comit\u00e9 Ejecutivo George de Le\u00f3n, Miguel Mart\u00ednez, Juan Carlos Herrera, Juana Sabina, Vlad Peralta y Eliseo Brito.(HG)<\/span>.<\/p>\n<\/p>\n<h6> 2013-06-18 20:59:47 <\/h6>\n<p><!--\n<link rel=\"stylesheet\" href=\"css\/bootstrap.min.css\">\n\n\n<ul class=\"pagination\">\n\t    \n\t\n\n<li >\n\t<a href='?page_no=20319'>Previous<\/a>\n\t<\/li>\n\n\n       \n    \n\n<li><a href='?page_no=1'>1<\/a><\/li>\n\n\n\n<li><a href='?page_no=2'>2<\/a><\/li>\n\n\n\n<li><a>...<\/a><\/li>\n\n\n\n<li><a href='?page_no=20318'>20318<\/a><\/li>\n\n\n\n<li><a href='?page_no=20319'>20319<\/a><\/li>\n\n\n\n<li class='active'><a>20320<\/a><\/li>\n\n\n\n<li><a href='?page_no=20321'>20321<\/a><\/li>\n\n\n\n<li><a href='?page_no=20322'>20322<\/a><\/li>\n\n\n\n<li><a>...<\/a><\/li>\n\n\n\n<li><a href='?page_no=36618'>36618<\/a><\/li>\n\n\n\n<li><a href='?page_no=36619'>36619<\/a><\/li>\n\n    \n\t\n\n<li >\n\t<a href='?page_no=20321'>Next<\/a>\n\t<\/li>\n\n\n    \n\n<li><a href='?page_no=36619'>Last &rsaquo;&rsaquo;<\/a><\/li>\n\n<\/ul>\n\n\n--><br \/>\n<\/body><\/p>\n","protected":false},"excerpt":{"rendered":"<p>Santo Domingo, RD, 18 de Junio.-El Comit\u00e9 Ejecutivo de la Asociaci\u00f3n de F\u00fatbol de la Provincia Santo Domingo (Asofutsado) rechaz\u00f3 la versi\u00f3n ofrecida a distintos medios de prensa por el presidente de la Federaci\u00f3n Dominicana de F\u00fatbol, de que el Ministerio de Deportes haya militarizado el estadio del Parque del Este. La entidad que preside [&hellip;]<\/p>\n","protected":false},"author":3,"featured_media":0,"comment_status":"open","ping_status":"open","sticky":false,"template":"","format":"standard","meta":{"footnotes":""},"categories":[17],"tags":[],"class_list":["post-213210","post","type-post","status-publish","format-standard","hentry","category-deportes"],"_links":{"self":[{"href":"https:\/\/diariodominicano.com\/index.php?rest_route=\/wp\/v2\/posts\/213210","targetHints":{"allow":["GET"]}}],"collection":[{"href":"https:\/\/diariodominicano.com\/index.php?rest_route=\/wp\/v2\/posts"}],"about":[{"href":"https:\/\/diariodominicano.com\/index.php?rest_route=\/wp\/v2\/types\/post"}],"author":[{"embeddable":true,"href":"https:\/\/diariodominicano.com\/index.php?rest_route=\/wp\/v2\/users\/3"}],"replies":[{"embeddable":true,"href":"https:\/\/diariodominicano.com\/index.php?rest_route=%2Fwp%2Fv2%2Fcomments&post=213210"}],"version-history":[{"count":0,"href":"https:\/\/diariodominicano.com\/index.php?rest_route=\/wp\/v2\/posts\/213210\/revisions"}],"wp:attachment":[{"href":"https:\/\/diariodominicano.com\/index.php?rest_route=%2Fwp%2Fv2%2Fmedia&parent=213210"}],"wp:term":[{"taxonomy":"category","embeddable":true,"href":"https:\/\/diariodominicano.com\/index.php?rest_route=%2Fwp%2Fv2%2Fcategories&post=213210"},{"taxonomy":"post_tag","embeddable":true,"href":"https:\/\/diariodominicano.com\/index.php?rest_route=%2Fwp%2Fv2%2Ftags&post=213210"}],"curies":[{"name":"wp","href":"https:\/\/api.w.org\/{rel}","templated":true}]}}