{"id":213208,"date":"2013-06-18T21:08:06","date_gmt":"2013-06-18T21:08:06","guid":{"rendered":"http:\/\/diariodominicano.ddns.net\/?p=213208"},"modified":"2013-06-18T21:08:06","modified_gmt":"2013-06-18T21:08:06","slug":"se-reactiva-motocross-en-biojo-santiago","status":"publish","type":"post","link":"https:\/\/diariodominicano.com\/?p=213208","title":{"rendered":"Se reactiva motocross en Bioj\u00f3, Santiago"},"content":{"rendered":"<p><body><\/p>\n<p><img decoding=\"async\" src=\"http:\/\/localhost:8080\/img3\/motos.JPG\" \/>  <\/p>\n<p><span class=\"text1noticias\">Santiago, RD, 18 de Junio.-Se ha reactivado el motocross en la comunidad de Bioj\u00f3, con miras al sexto evento puntuable del campeonato nacional Kendall de esa modalidad motorizada que se correr\u00e1 el pr\u00f3ximo domingo.<\/span><\/p>\n<\/p>\n<p><span class=\"text1noticias\">         Las pr\u00e1cticas se est\u00e1n haciendo diarias y el pasado domingo se dieron cita casi todos los pilotos nacionales y los extranjeros que residen en el pa\u00eds, la asistencia de p\u00fablico a presenciar las mismas fue masiva.<\/span><\/p>\n<\/p>\n<p><span class=\"text1noticias\">         El organizador, Sime\u00f3n Loveras, dijo que la participaci\u00f3n de tantos pilotos y la gran asistencia de p\u00fablico le obligan a presentar un buen espect\u00e1culo, por lo que es posible que dos pilotos extranjeros vengan al pa\u00eds.<\/span><\/p>\n<\/p>\n<p><span class=\"text1noticias\">         Regresa el costarricense David Chac\u00f3n y se ha mostrado interesado en venir a correr el domingo en Bioj\u00f3 el campe\u00f3n ecuatoriano, Marcos Rodr\u00edguez, pero ser\u00e1 dentro de las pr\u00f3ximas horas cuando se haga oficial el anuncio.<\/span><\/p>\n<\/p>\n<p><span class=\"text1noticias\">         De Rodr\u00edguez no es oficial, pero es posible, de igual manera, Loveras dijo que varios dominicanos regresar\u00e1n a la pista el domingo, luego de ausencias cortas y otras prolongadas.<\/span><\/p>\n<\/p>\n<p><span class=\"text1noticias\">         De las pr\u00e1cticas dijo que todos est\u00e1n sorprendidos del seguimiento que est\u00e1n dando personalmente a los pilotos, los fan\u00e1ticos del motocross, por lo que augura \u00e9xito para el domingo.(HG)<\/span>.<\/p>\n<\/p>\n<h6> 2013-06-18 21:08:06 <\/h6>\n<p><!--\n<link rel=\"stylesheet\" href=\"css\/bootstrap.min.css\">\n\n\n<ul class=\"pagination\">\n\t    \n\t\n\n<li >\n\t<a href='?page_no=20317'>Previous<\/a>\n\t<\/li>\n\n\n       \n    \n\n<li><a href='?page_no=1'>1<\/a><\/li>\n\n\n\n<li><a href='?page_no=2'>2<\/a><\/li>\n\n\n\n<li><a>...<\/a><\/li>\n\n\n\n<li><a href='?page_no=20316'>20316<\/a><\/li>\n\n\n\n<li><a href='?page_no=20317'>20317<\/a><\/li>\n\n\n\n<li class='active'><a>20318<\/a><\/li>\n\n\n\n<li><a href='?page_no=20319'>20319<\/a><\/li>\n\n\n\n<li><a href='?page_no=20320'>20320<\/a><\/li>\n\n\n\n<li><a>...<\/a><\/li>\n\n\n\n<li><a href='?page_no=36618'>36618<\/a><\/li>\n\n\n\n<li><a href='?page_no=36619'>36619<\/a><\/li>\n\n    \n\t\n\n<li >\n\t<a href='?page_no=20319'>Next<\/a>\n\t<\/li>\n\n\n    \n\n<li><a href='?page_no=36619'>Last &rsaquo;&rsaquo;<\/a><\/li>\n\n<\/ul>\n\n\n--><br \/>\n<\/body><\/p>\n","protected":false},"excerpt":{"rendered":"<p>Santiago, RD, 18 de Junio.-Se ha reactivado el motocross en la comunidad de Bioj\u00f3, con miras al sexto evento puntuable del campeonato nacional Kendall de esa modalidad motorizada que se correr\u00e1 el pr\u00f3ximo domingo. Las pr\u00e1cticas se est\u00e1n haciendo diarias y el pasado domingo se dieron cita casi todos los pilotos nacionales y los extranjeros [&hellip;]<\/p>\n","protected":false},"author":3,"featured_media":0,"comment_status":"open","ping_status":"open","sticky":false,"template":"","format":"standard","meta":{"footnotes":""},"categories":[17],"tags":[],"class_list":["post-213208","post","type-post","status-publish","format-standard","hentry","category-deportes"],"_links":{"self":[{"href":"https:\/\/diariodominicano.com\/index.php?rest_route=\/wp\/v2\/posts\/213208","targetHints":{"allow":["GET"]}}],"collection":[{"href":"https:\/\/diariodominicano.com\/index.php?rest_route=\/wp\/v2\/posts"}],"about":[{"href":"https:\/\/diariodominicano.com\/index.php?rest_route=\/wp\/v2\/types\/post"}],"author":[{"embeddable":true,"href":"https:\/\/diariodominicano.com\/index.php?rest_route=\/wp\/v2\/users\/3"}],"replies":[{"embeddable":true,"href":"https:\/\/diariodominicano.com\/index.php?rest_route=%2Fwp%2Fv2%2Fcomments&post=213208"}],"version-history":[{"count":0,"href":"https:\/\/diariodominicano.com\/index.php?rest_route=\/wp\/v2\/posts\/213208\/revisions"}],"wp:attachment":[{"href":"https:\/\/diariodominicano.com\/index.php?rest_route=%2Fwp%2Fv2%2Fmedia&parent=213208"}],"wp:term":[{"taxonomy":"category","embeddable":true,"href":"https:\/\/diariodominicano.com\/index.php?rest_route=%2Fwp%2Fv2%2Fcategories&post=213208"},{"taxonomy":"post_tag","embeddable":true,"href":"https:\/\/diariodominicano.com\/index.php?rest_route=%2Fwp%2Fv2%2Ftags&post=213208"}],"curies":[{"name":"wp","href":"https:\/\/api.w.org\/{rel}","templated":true}]}}