{"id":213206,"date":"2013-06-18T22:00:29","date_gmt":"2013-06-18T22:00:29","guid":{"rendered":"http:\/\/diariodominicano.ddns.net\/?p=213206"},"modified":"2013-06-18T22:00:29","modified_gmt":"2013-06-18T22:00:29","slug":"club-naco-apertura-campamento-de-verano","status":"publish","type":"post","link":"https:\/\/diariodominicano.com\/?p=213206","title":{"rendered":"Club Naco apertura Campamento de Verano"},"content":{"rendered":"<p><body><\/p>\n<p><img decoding=\"async\" src=\"http:\/\/localhost:8080\/img3\/naco.JPG\" \/>  <\/p>\n<p><span class=\"text1noticias\">Santo Domingo, RD, 18 de  Junio.-El club Deportivo Naco apertur\u00f3 su Campamento de Verano 2013 para ni\u00f1os, ni\u00f1as y j\u00f3venes desde los 3 a los 17 a\u00f1os en 11 disciplinas deportivas, y con una duraci\u00f3n de un mes y medio, en sus instalaciones del sector de Naco.<\/span><\/p>\n<\/p>\n<p><span class=\"text1noticias\">El acto fue encabezado por el Junta Directiva del club Naco, que preside el licenciado Antonio Alma, y quien adem\u00e1s dio el discurso central del acto, donde se conglomeraron m\u00e1s de 300 ni\u00f1os y ni\u00f1as de diferentes edades para participar en las variadas actividades que tiene esa entidad programada por 45 d\u00edas.<\/span><\/p>\n<\/p>\n<p><span class=\"text1noticias\">Adem\u00e1s de Alma, dio las palabras de bienvenidas el licenciado Belardy Pe\u00f1a, director del Departamento de Deportes del club Naco, y coordinador general del Campamento.<\/span><\/p>\n<\/p>\n<p><span class=\"text1noticias\">Pe\u00f1a sostuvo que habr\u00e1n actividades diarias, de lunes a viernes, en 11 disciplinas deportivas tendr\u00e1n actividades diarias desde las 8:00 de la ma\u00f1ana hasta las 12:00 del mediod\u00eda que son tenis de campos y de mesa, baloncesto, gimnasia art\u00edstica, judo, ajedrez, nataci\u00f3n, karate, voleibol, f\u00fatbol sala y b\u00e9isbol.<\/span><\/p>\n<\/p>\n<p><span class=\"text1noticias\">Apunt\u00f3 adem\u00e1s que tambi\u00e9n habr\u00e1 ense\u00f1anzas de instrumentos musicales como guitarras, flauta y piano.<\/span><\/p>\n<\/p>\n<p><span class=\"text1noticias\">Inform\u00f3 que las inscripciones aun est\u00e1n abiertas y las pueden hacer directamente en caja con pagos en cheque, tarjetas o efectivo.(HG)<\/span>.<\/p>\n<\/p>\n<h6> 2013-06-18 22:00:29 <\/h6>\n<p><!--\n<link rel=\"stylesheet\" href=\"css\/bootstrap.min.css\">\n\n\n<ul class=\"pagination\">\n\t    \n\t\n\n<li >\n\t<a href='?page_no=20315'>Previous<\/a>\n\t<\/li>\n\n\n       \n    \n\n<li><a href='?page_no=1'>1<\/a><\/li>\n\n\n\n<li><a href='?page_no=2'>2<\/a><\/li>\n\n\n\n<li><a>...<\/a><\/li>\n\n\n\n<li><a href='?page_no=20314'>20314<\/a><\/li>\n\n\n\n<li><a href='?page_no=20315'>20315<\/a><\/li>\n\n\n\n<li class='active'><a>20316<\/a><\/li>\n\n\n\n<li><a href='?page_no=20317'>20317<\/a><\/li>\n\n\n\n<li><a href='?page_no=20318'>20318<\/a><\/li>\n\n\n\n<li><a>...<\/a><\/li>\n\n\n\n<li><a href='?page_no=36618'>36618<\/a><\/li>\n\n\n\n<li><a href='?page_no=36619'>36619<\/a><\/li>\n\n    \n\t\n\n<li >\n\t<a href='?page_no=20317'>Next<\/a>\n\t<\/li>\n\n\n    \n\n<li><a href='?page_no=36619'>Last &rsaquo;&rsaquo;<\/a><\/li>\n\n<\/ul>\n\n\n--><br \/>\n<\/body><\/p>\n","protected":false},"excerpt":{"rendered":"<p>Santo Domingo, RD, 18 de Junio.-El club Deportivo Naco apertur\u00f3 su Campamento de Verano 2013 para ni\u00f1os, ni\u00f1as y j\u00f3venes desde los 3 a los 17 a\u00f1os en 11 disciplinas deportivas, y con una duraci\u00f3n de un mes y medio, en sus instalaciones del sector de Naco. El acto fue encabezado por el Junta Directiva [&hellip;]<\/p>\n","protected":false},"author":3,"featured_media":0,"comment_status":"open","ping_status":"open","sticky":false,"template":"","format":"standard","meta":{"footnotes":""},"categories":[17],"tags":[],"class_list":["post-213206","post","type-post","status-publish","format-standard","hentry","category-deportes"],"_links":{"self":[{"href":"https:\/\/diariodominicano.com\/index.php?rest_route=\/wp\/v2\/posts\/213206","targetHints":{"allow":["GET"]}}],"collection":[{"href":"https:\/\/diariodominicano.com\/index.php?rest_route=\/wp\/v2\/posts"}],"about":[{"href":"https:\/\/diariodominicano.com\/index.php?rest_route=\/wp\/v2\/types\/post"}],"author":[{"embeddable":true,"href":"https:\/\/diariodominicano.com\/index.php?rest_route=\/wp\/v2\/users\/3"}],"replies":[{"embeddable":true,"href":"https:\/\/diariodominicano.com\/index.php?rest_route=%2Fwp%2Fv2%2Fcomments&post=213206"}],"version-history":[{"count":0,"href":"https:\/\/diariodominicano.com\/index.php?rest_route=\/wp\/v2\/posts\/213206\/revisions"}],"wp:attachment":[{"href":"https:\/\/diariodominicano.com\/index.php?rest_route=%2Fwp%2Fv2%2Fmedia&parent=213206"}],"wp:term":[{"taxonomy":"category","embeddable":true,"href":"https:\/\/diariodominicano.com\/index.php?rest_route=%2Fwp%2Fv2%2Fcategories&post=213206"},{"taxonomy":"post_tag","embeddable":true,"href":"https:\/\/diariodominicano.com\/index.php?rest_route=%2Fwp%2Fv2%2Ftags&post=213206"}],"curies":[{"name":"wp","href":"https:\/\/api.w.org\/{rel}","templated":true}]}}