{"id":213200,"date":"2013-06-19T16:24:28","date_gmt":"2013-06-19T16:24:28","guid":{"rendered":"http:\/\/diariodominicano.ddns.net\/?p=213200"},"modified":"2013-06-19T16:24:28","modified_gmt":"2013-06-19T16:24:28","slug":"pilotos-dominicanos-rindieron-buena-labor-en-campeonato-latinoamericano-de-motocross","status":"publish","type":"post","link":"https:\/\/diariodominicano.com\/?p=213200","title":{"rendered":"Pilotos dominicanos rindieron buena labor en campeonato latinoamericano de motocross&#13;"},"content":{"rendered":"<p><body><\/p>\n<p><img decoding=\"async\" src=\"img3\/pilotos 19.jpg\" \/>  <\/p>\n<p>Santo Domingo RD 19 junio.- A juicio de la Federaci\u00f3n Dominicana de Motociclismo (FDM), los pilotos dominicanos, Jossiel Ismaury Brito y Lu\u00eds Jos\u00e9 Dur\u00e1n, rindieron muy buena labor en el campeonato latinoamericano de motocross, corrido el pasado domingo en la pista La Olla, de San Jos\u00e9 Costa Rica.<\/p>\n<\/p>\n<p>En la categor\u00eda de m\u00e1s cilindrajes, MX-1 para expertos, el piloto criollo, Jossiel Ismaury Brito, el famoso La Iguanita del Team Kendall Racing, logr\u00f3 escalar la s\u00e9ptima posici\u00f3n general.<\/p>\n<\/p>\n<p>Corriendo frente a 30 pilotos de varios pa\u00edses, en la primera manga, La Iguanita Brito, maravill\u00f3 a los presentes con sus peripecias en el aire, a lo free style, luego de salir en el primer grupo y mantenerse hasta el final, cuando lleg\u00f3 sexto.<\/p>\n<\/p>\n<p>En la segunda manga, el dominicano ya ten\u00eda confianza y se presum\u00eda que llegar\u00eda en mejor posici\u00f3n, pero fue chocado en la meta, golpe\u00e1ndose la cadera y una pierna, ya todo cambiar\u00eda y se remiti\u00f3 a defenderse hasta llegar d\u00e9cimo y completar s\u00e9ptimo overall. <\/p>\n<p><strong> <\/strong><\/p>\n<p><strong>LUIS JOS\u00c9 DUR\u00c1N BUEN EVENTO<\/strong><\/p>\n<\/p>\n<p>Por otra parte, en la MX-2 para expertos, el jovencito Lu\u00eds Jos\u00e9 Dur\u00e1n, tambi\u00e9n ante 30 exponentes, en la salida de la primera manga qued\u00f3 de \u00faltimo, sin embargo sorprendi\u00f3 al mundo al rebasar vertiginosamente y cuando pasaba al noveno puesto fue chocado, siendo relegado al lugar n\u00famero 23.<\/p>\n<\/p>\n<p>Ya en la segunda manga, aunque consigui\u00f3 buena salida, el dolor en la pierna fue insoportable y solo pudo mantenerse en el segundo grupo, sin embargo lleg\u00f3 d\u00e9cimo, para culminar en el 16.<\/p>\n<\/p>\n<p>Tanto el presidente de FDM, Carlos Finke, como el director nacional de motocross, James Lora, quienes estuvieron presentes en el evento, elogiaron la competencia realizada por los dominicanos, lo que deja al pa\u00eds en los primeros encasillados latinos.<\/p>\n<\/p>\n<p>Hasta ahora, el mejor lugar logrado por un dominicano en el campeonato latinoamericano de motocross lo alcanz\u00f3 el doble campe\u00f3n nacional del m\u00e1ximo cilindraje, Raynear Mej\u00eda, hoy lesionado, cuando en el 2010 ocup\u00f3 el quinto puesto.<\/p>\n<\/p>\n<p>El latino fue ganado en MX-1 por Roberto Castro y en MX-2, por Ricardo Chac\u00f3n, ambos de Costa Rica.<\/p>\n<h6> 2013-06-19 16:24:28 <\/h6>\n<p><!--\n<link rel=\"stylesheet\" href=\"css\/bootstrap.min.css\">\n\n\n<ul class=\"pagination\">\n\t    \n\t\n\n<li >\n\t<a href='?page_no=20309'>Previous<\/a>\n\t<\/li>\n\n\n       \n    \n\n<li><a href='?page_no=1'>1<\/a><\/li>\n\n\n\n<li><a href='?page_no=2'>2<\/a><\/li>\n\n\n\n<li><a>...<\/a><\/li>\n\n\n\n<li><a href='?page_no=20308'>20308<\/a><\/li>\n\n\n\n<li><a href='?page_no=20309'>20309<\/a><\/li>\n\n\n\n<li class='active'><a>20310<\/a><\/li>\n\n\n\n<li><a href='?page_no=20311'>20311<\/a><\/li>\n\n\n\n<li><a href='?page_no=20312'>20312<\/a><\/li>\n\n\n\n<li><a>...<\/a><\/li>\n\n\n\n<li><a href='?page_no=36618'>36618<\/a><\/li>\n\n\n\n<li><a href='?page_no=36619'>36619<\/a><\/li>\n\n    \n\t\n\n<li >\n\t<a href='?page_no=20311'>Next<\/a>\n\t<\/li>\n\n\n    \n\n<li><a href='?page_no=36619'>Last &rsaquo;&rsaquo;<\/a><\/li>\n\n<\/ul>\n\n\n--><br \/>\n<\/body><\/p>\n","protected":false},"excerpt":{"rendered":"<p>Santo Domingo RD 19 junio.- A juicio de la Federaci\u00f3n Dominicana de Motociclismo (FDM), los pilotos dominicanos, Jossiel Ismaury Brito y Lu\u00eds Jos\u00e9 Dur\u00e1n, rindieron muy buena labor en el campeonato latinoamericano de motocross, corrido el pasado domingo en la pista La Olla, de San Jos\u00e9 Costa Rica. En la categor\u00eda de m\u00e1s cilindrajes, MX-1 [&hellip;]<\/p>\n","protected":false},"author":3,"featured_media":0,"comment_status":"open","ping_status":"open","sticky":false,"template":"","format":"standard","meta":{"footnotes":""},"categories":[17],"tags":[],"class_list":["post-213200","post","type-post","status-publish","format-standard","hentry","category-deportes"],"_links":{"self":[{"href":"https:\/\/diariodominicano.com\/index.php?rest_route=\/wp\/v2\/posts\/213200","targetHints":{"allow":["GET"]}}],"collection":[{"href":"https:\/\/diariodominicano.com\/index.php?rest_route=\/wp\/v2\/posts"}],"about":[{"href":"https:\/\/diariodominicano.com\/index.php?rest_route=\/wp\/v2\/types\/post"}],"author":[{"embeddable":true,"href":"https:\/\/diariodominicano.com\/index.php?rest_route=\/wp\/v2\/users\/3"}],"replies":[{"embeddable":true,"href":"https:\/\/diariodominicano.com\/index.php?rest_route=%2Fwp%2Fv2%2Fcomments&post=213200"}],"version-history":[{"count":0,"href":"https:\/\/diariodominicano.com\/index.php?rest_route=\/wp\/v2\/posts\/213200\/revisions"}],"wp:attachment":[{"href":"https:\/\/diariodominicano.com\/index.php?rest_route=%2Fwp%2Fv2%2Fmedia&parent=213200"}],"wp:term":[{"taxonomy":"category","embeddable":true,"href":"https:\/\/diariodominicano.com\/index.php?rest_route=%2Fwp%2Fv2%2Fcategories&post=213200"},{"taxonomy":"post_tag","embeddable":true,"href":"https:\/\/diariodominicano.com\/index.php?rest_route=%2Fwp%2Fv2%2Ftags&post=213200"}],"curies":[{"name":"wp","href":"https:\/\/api.w.org\/{rel}","templated":true}]}}