{"id":213198,"date":"2013-06-19T19:04:36","date_gmt":"2013-06-19T19:04:36","guid":{"rendered":"http:\/\/diariodominicano.ddns.net\/?p=213198"},"modified":"2013-06-19T19:04:36","modified_gmt":"2013-06-19T19:04:36","slug":"jovenes-de-nueve-barrios-populares-inician-programa-deportes-para-vivir-tranquilos","status":"publish","type":"post","link":"https:\/\/diariodominicano.com\/?p=213198","title":{"rendered":"J\u00f3venes de nueve barrios populares inician Programa \u00abDeportes para Vivir Tranquilos\u00bb"},"content":{"rendered":"<p><body><\/p>\n<p><span class=\"text1noticias\">Santo Domingo, RD, 19 de JUnio.-El Ministerio de Interior y Polic\u00eda (MIP) conjuntamente con el Ministerio de Deportes puso en ejecuci\u00f3n el programa \u00abDeportes para Vivir Tranquilo\u00bb con la participaci\u00f3n de j\u00f3venes de nueve sectores del Gran Santo Domingo.<\/span><\/p>\n<\/p>\n<p><span class=\"text1noticias\">Como parte de las actividades, m\u00e1s de 100 j\u00f3venes, representantes de 9 sectores populares del Gran Santo Domingo, se lanzaron al ruedo desde ayer en busca de los primeros lugares en las diferentes actividades  del programa  \u00abDeportes para Vivir Tranquilos\u00bb.<\/span><\/p>\n<\/p>\n<p><span class=\"text1noticias\">En una ceremonia efectuada en la pista de calentamiento del Estadio Ol\u00edmpico F\u00e9lix S\u00e1nchez, los adolescentes iniciaron el camino para competir en atletismo, judo, voleibol y baloncesto, entre otros deportes.<\/span><\/p>\n<\/p>\n<p><span class=\"text1noticias\">El acto fue encabezado por el ministro de Deportes, doctor Jaime David Fern\u00e1ndez Mirabal; el viceministro de Interior y Polic\u00eda, Washington Gonz\u00e1lez; los viceministros de Deportes, Soterio Ram\u00edrez y Gerardo Suero Correa y la directora de Deportes del Distrito Nacional, Milagros Cabral.<\/span><\/p>\n<\/p>\n<p><span class=\"text1noticias\">\u00abDurante una semana estos j\u00f3venes estar\u00e1n siendo instruidos en carreras de velocidad, judo, baloncesto, voleibol y otros deportes\u00bb, dijo Fern\u00e1ndez Mirabal.<\/span><\/p>\n<\/p>\n<p><span class=\"text1noticias\">Aclar\u00f3 que ese evento es el pre\u00e1mbulo para celebrar la Copa Nacional de Atletismo el pr\u00f3ximo s\u00e1bado, donde los atletas podr\u00e1n poner en pr\u00e1ctica todo lo aprendido en el campamento.<\/span><\/p>\n<\/p>\n<p><span class=\"text1noticias\">Sostuvo que para el Ministerio de Deportes es un orgullo respaldar esta iniciativa del Ministerio de Interior y Polic\u00eda, dentro de sus pol\u00edticas para impulsar y promover la seguridad ciudadana.<\/span><\/p>\n<\/p>\n<p><span class=\"text1noticias\">\u00abEsta pol\u00edtica de colaboraci\u00f3n entre los Ministerios es lo que puede garantizar que las pol\u00edticas p\u00fablicas tengan mayor continuidad y efectividad en su aplicaci\u00f3n\u00bb, dijo el Ministro de Deportes.<\/span><\/p>\n<\/p>\n<p><span class=\"text1noticias\">De su lado, Washington Gonz\u00e1lez, quien represent\u00f3 al Ministro de Interior y Polic\u00eda, licenciado Jos\u00e9 Ram\u00f3n Fadul, agradeci\u00f3 al Ministerio de Deportes respaldar el programa especial \u00abDeportes para Vivir Tranquilos\u00bb.<\/span><\/p>\n<\/p>\n<p><span class=\"text1noticias\">\u00abEstos son j\u00f3venes que necesitan hacer deportes y en nombre del Ministro de Interior les adelanto que este evento es una primera parte de muchas cosas que en conjunto vamos a hacer\u00bb, precis\u00f3 Gonz\u00e1lez, quien coordina el programa junto al viceministro de Deportes para Todos, Soterio Ram\u00edrez.<\/span><\/p>\n<\/p>\n<p><span class=\"text1noticias\">El programa se inici\u00f3 de manera simult\u00e1nea en Cristo Rey, Los R\u00edos, Domingo Sabio, La Zurza, Los Guar\u00edcanos, Los Alcarrizos, Los Mina Norte, Los Tres Brazos y Santo Domingo Oeste que involucra los sectores de Herrera, Buenos Aires, Guajim\u00eda y otros.<\/span><\/p>\n<\/p>\n<p><span class=\"text1noticias\">Esta iniciativa del Ministerio de Interior y Polic\u00eda cuenta con el apoyo del Ministerio de Deportes y se enmarca dentro en los planes de trabajo para garantizar la seguridad de la ciudadan\u00eda, dispuesto por el Poder Ejecutivo.(HG)<\/span>.<\/p>\n<h6> 2013-06-19 19:04:36 <\/h6>\n<p><!--\n<link rel=\"stylesheet\" href=\"css\/bootstrap.min.css\">\n\n\n<ul class=\"pagination\">\n\t    \n\t\n\n<li >\n\t<a href='?page_no=20307'>Previous<\/a>\n\t<\/li>\n\n\n       \n    \n\n<li><a href='?page_no=1'>1<\/a><\/li>\n\n\n\n<li><a href='?page_no=2'>2<\/a><\/li>\n\n\n\n<li><a>...<\/a><\/li>\n\n\n\n<li><a href='?page_no=20306'>20306<\/a><\/li>\n\n\n\n<li><a href='?page_no=20307'>20307<\/a><\/li>\n\n\n\n<li class='active'><a>20308<\/a><\/li>\n\n\n\n<li><a href='?page_no=20309'>20309<\/a><\/li>\n\n\n\n<li><a href='?page_no=20310'>20310<\/a><\/li>\n\n\n\n<li><a>...<\/a><\/li>\n\n\n\n<li><a href='?page_no=36618'>36618<\/a><\/li>\n\n\n\n<li><a href='?page_no=36619'>36619<\/a><\/li>\n\n    \n\t\n\n<li >\n\t<a href='?page_no=20309'>Next<\/a>\n\t<\/li>\n\n\n    \n\n<li><a href='?page_no=36619'>Last &rsaquo;&rsaquo;<\/a><\/li>\n\n<\/ul>\n\n\n--><br \/>\n<\/body><\/p>\n","protected":false},"excerpt":{"rendered":"<p>Santo Domingo, RD, 19 de JUnio.-El Ministerio de Interior y Polic\u00eda (MIP) conjuntamente con el Ministerio de Deportes puso en ejecuci\u00f3n el programa \u00abDeportes para Vivir Tranquilo\u00bb con la participaci\u00f3n de j\u00f3venes de nueve sectores del Gran Santo Domingo. Como parte de las actividades, m\u00e1s de 100 j\u00f3venes, representantes de 9 sectores populares del Gran [&hellip;]<\/p>\n","protected":false},"author":3,"featured_media":0,"comment_status":"open","ping_status":"open","sticky":false,"template":"","format":"standard","meta":{"footnotes":""},"categories":[17],"tags":[],"class_list":["post-213198","post","type-post","status-publish","format-standard","hentry","category-deportes"],"_links":{"self":[{"href":"https:\/\/diariodominicano.com\/index.php?rest_route=\/wp\/v2\/posts\/213198","targetHints":{"allow":["GET"]}}],"collection":[{"href":"https:\/\/diariodominicano.com\/index.php?rest_route=\/wp\/v2\/posts"}],"about":[{"href":"https:\/\/diariodominicano.com\/index.php?rest_route=\/wp\/v2\/types\/post"}],"author":[{"embeddable":true,"href":"https:\/\/diariodominicano.com\/index.php?rest_route=\/wp\/v2\/users\/3"}],"replies":[{"embeddable":true,"href":"https:\/\/diariodominicano.com\/index.php?rest_route=%2Fwp%2Fv2%2Fcomments&post=213198"}],"version-history":[{"count":0,"href":"https:\/\/diariodominicano.com\/index.php?rest_route=\/wp\/v2\/posts\/213198\/revisions"}],"wp:attachment":[{"href":"https:\/\/diariodominicano.com\/index.php?rest_route=%2Fwp%2Fv2%2Fmedia&parent=213198"}],"wp:term":[{"taxonomy":"category","embeddable":true,"href":"https:\/\/diariodominicano.com\/index.php?rest_route=%2Fwp%2Fv2%2Fcategories&post=213198"},{"taxonomy":"post_tag","embeddable":true,"href":"https:\/\/diariodominicano.com\/index.php?rest_route=%2Fwp%2Fv2%2Ftags&post=213198"}],"curies":[{"name":"wp","href":"https:\/\/api.w.org\/{rel}","templated":true}]}}