{"id":213184,"date":"2013-06-20T20:49:43","date_gmt":"2013-06-20T20:49:43","guid":{"rendered":"http:\/\/diariodominicano.ddns.net\/?p=213184"},"modified":"2013-06-20T20:49:43","modified_gmt":"2013-06-20T20:49:43","slug":"luken-uasd-celebro-noveno-aniversario","status":"publish","type":"post","link":"https:\/\/diariodominicano.com\/?p=213184","title":{"rendered":"LUKEN-UASD  celebr\u00f3 noveno aniversario"},"content":{"rendered":"<p><body><\/p>\n<p><img decoding=\"async\" src=\"img3\/luken.jpg\" \/>  <\/p>\n<p><span class=\"text1noticias\">Santo Domingo, RD, 20 de Junio.-Con la asistencia del embajador del Jap\u00f3n en el pa\u00eds, Soichi Sato, la Liga de Kendo de la Universidad Aut\u00f3noma de Santo Domingo (LUKEN-UASD), celebr\u00f3 el noveno aniversario de su fundaci\u00f3n en el dojo que fue donado por el gobierno japon\u00e9s en la UASD.<\/span><\/p>\n<\/p>\n<p><span class=\"text1noticias\">La Luken-Uasd, fue fundada el 14 de Junio de 2004 y desde entonces ha venido desplegando una amplia labor de fomento del kendo en el pa\u00eds, Sato pudo observar el avance t\u00e9cnico que han tenido los estudiantes que se entrenan all\u00ed.<\/span><\/p>\n<\/p>\n<p><span class=\"text1noticias\">En sus palabras de salutaciones Soichi Sato alab\u00f3 los aportes de los practicantes de kendo por llevar esta disciplina a la juventud dominicana como forma  de labor social  tendente a contribuir con el desarrollo de la sociedad en estos momentos en que el gobierno dominicano ha tenido que tomar medidas poco comunes para poder garantizar la seguridad ciudadana.<\/span><\/p>\n<\/p>\n<p><span class=\"text1noticias\">Por su parte Reynaldo Castro, vice-presidente de Luken-Uasd, agradeci\u00f3  el respaldo dado por la Embajada del Jap\u00f3n, y la  Agencia de Cooperaci\u00f3n Internacional del Jap\u00f3n (JICA) por el apoyo otorgado por estas instituciones  en el desarrollo del kendo en la Republica Dominicana.<\/span><\/p>\n<\/p>\n<p><span class=\"text1noticias\">En el encuentro festivo estuvieron adem\u00e1s Leandro Labour presidente de la Luken-Uasd, Ra\u00fal Garc\u00eda, vice-presidente de la Federaci\u00f3n Dominicana de Kendo (FEDOKEN), y director de la escuela Itto-sai Dojo,  ShigeoYamauchi, Voluntario de la Agencia de Cooperaci\u00f3n Internacional (JICA).<\/span><\/p>\n<\/p>\n<p><span class=\"text1noticias\">As\u00ed como Rafael Medina de la escuela Bushi-Ryu, acompa\u00f1ado del maestro G\u00fcilamo y Jos\u00e9 Ernesto P\u00e9rez.  Finalmente para clausurar el evento se procedi\u00f3 a realizar el tradicional brindis (Kampai), con un Sake regalado por el embajador Sato.(HG)<\/span>.<\/p>\n<\/p>\n<\/p>\n<h6> 2013-06-20 20:49:43 <\/h6>\n<p><!--\n<link rel=\"stylesheet\" href=\"css\/bootstrap.min.css\">\n\n\n<ul class=\"pagination\">\n\t    \n\t\n\n<li >\n\t<a href='?page_no=20293'>Previous<\/a>\n\t<\/li>\n\n\n       \n    \n\n<li><a href='?page_no=1'>1<\/a><\/li>\n\n\n\n<li><a href='?page_no=2'>2<\/a><\/li>\n\n\n\n<li><a>...<\/a><\/li>\n\n\n\n<li><a href='?page_no=20292'>20292<\/a><\/li>\n\n\n\n<li><a href='?page_no=20293'>20293<\/a><\/li>\n\n\n\n<li class='active'><a>20294<\/a><\/li>\n\n\n\n<li><a href='?page_no=20295'>20295<\/a><\/li>\n\n\n\n<li><a href='?page_no=20296'>20296<\/a><\/li>\n\n\n\n<li><a>...<\/a><\/li>\n\n\n\n<li><a href='?page_no=36618'>36618<\/a><\/li>\n\n\n\n<li><a href='?page_no=36619'>36619<\/a><\/li>\n\n    \n\t\n\n<li >\n\t<a href='?page_no=20295'>Next<\/a>\n\t<\/li>\n\n\n    \n\n<li><a href='?page_no=36619'>Last &rsaquo;&rsaquo;<\/a><\/li>\n\n<\/ul>\n\n\n--><br \/>\n<\/body><\/p>\n","protected":false},"excerpt":{"rendered":"<p>Santo Domingo, RD, 20 de Junio.-Con la asistencia del embajador del Jap\u00f3n en el pa\u00eds, Soichi Sato, la Liga de Kendo de la Universidad Aut\u00f3noma de Santo Domingo (LUKEN-UASD), celebr\u00f3 el noveno aniversario de su fundaci\u00f3n en el dojo que fue donado por el gobierno japon\u00e9s en la UASD. La Luken-Uasd, fue fundada el 14 [&hellip;]<\/p>\n","protected":false},"author":3,"featured_media":0,"comment_status":"open","ping_status":"open","sticky":false,"template":"","format":"standard","meta":{"footnotes":""},"categories":[17],"tags":[],"class_list":["post-213184","post","type-post","status-publish","format-standard","hentry","category-deportes"],"_links":{"self":[{"href":"https:\/\/diariodominicano.com\/index.php?rest_route=\/wp\/v2\/posts\/213184","targetHints":{"allow":["GET"]}}],"collection":[{"href":"https:\/\/diariodominicano.com\/index.php?rest_route=\/wp\/v2\/posts"}],"about":[{"href":"https:\/\/diariodominicano.com\/index.php?rest_route=\/wp\/v2\/types\/post"}],"author":[{"embeddable":true,"href":"https:\/\/diariodominicano.com\/index.php?rest_route=\/wp\/v2\/users\/3"}],"replies":[{"embeddable":true,"href":"https:\/\/diariodominicano.com\/index.php?rest_route=%2Fwp%2Fv2%2Fcomments&post=213184"}],"version-history":[{"count":0,"href":"https:\/\/diariodominicano.com\/index.php?rest_route=\/wp\/v2\/posts\/213184\/revisions"}],"wp:attachment":[{"href":"https:\/\/diariodominicano.com\/index.php?rest_route=%2Fwp%2Fv2%2Fmedia&parent=213184"}],"wp:term":[{"taxonomy":"category","embeddable":true,"href":"https:\/\/diariodominicano.com\/index.php?rest_route=%2Fwp%2Fv2%2Fcategories&post=213184"},{"taxonomy":"post_tag","embeddable":true,"href":"https:\/\/diariodominicano.com\/index.php?rest_route=%2Fwp%2Fv2%2Ftags&post=213184"}],"curies":[{"name":"wp","href":"https:\/\/api.w.org\/{rel}","templated":true}]}}