{"id":213183,"date":"2013-06-20T21:46:27","date_gmt":"2013-06-20T21:46:27","guid":{"rendered":"http:\/\/diariodominicano.ddns.net\/?p=213183"},"modified":"2013-06-20T21:46:27","modified_gmt":"2013-06-20T21:46:27","slug":"azua-se-corona-en-juvenil-copa-navidena-de-lucha","status":"publish","type":"post","link":"https:\/\/diariodominicano.com\/?p=213183","title":{"rendered":"Azua se corona en juvenil copa navide\u00f1a de lucha"},"content":{"rendered":"<p><body><\/p>\n<p><img decoding=\"async\" src=\"img3\/lucha.JPG\" \/>  <\/p>\n<p><span class=\"text1noticias\">Santo Domingo, RD, 20 de Junio.-El seleccionado de Azua conquist\u00f3 el primer lugar en la categor\u00eda juvenil 17-20 a\u00f1os del XII Campeonato Nacional de Lucha Copa Navide\u00f1a que se lleva a cabo en el Pabell\u00f3n de ese deporte en el Centro Ol\u00edmpico.<\/span><\/p>\n<\/p>\n<p><span class=\"text1noticias\">Para llevarse el trofeo de monarcas en los estilos greco y libre, los azuanos terminaron con un total de 39 puntos, mientras que el segundo puesto correspondi\u00f3 a la representaci\u00f3n de Mao, con 22 tantos. El representativo de San Francisco de Macor\u00eds, con 16 puntos, se llev\u00f3 el trofeo de tercer lugar.<\/span><\/p>\n<\/p>\n<p><span class=\"text1noticias\">La provincia Santo Domingo, con 14 tantos, logr\u00f3 el cuarto puesto, y la delegaci\u00f3n de Puerto Rico, que participa en calidad de invitada, ocup\u00f3 el quinto pelda\u00f1o con 11 puntos.<\/span><\/p>\n<\/p>\n<p><span class=\"text1noticias\">Azua tambi\u00e9n hab\u00eda ganado el pasado lunes el trofeo de la categor\u00eda infantil en el estilo greco. El campeonato contin\u00faa este s\u00e1bado con la definici\u00f3n en la categor\u00eda superior en los estilos greco y libre, mientras que el domingo ser\u00e1 el \u00faltimo d\u00eda de competici\u00f3n con las pruebas en la rama femenina.<\/span><\/p>\n<\/p>\n<p><span class=\"text1noticias\">Durante el desarrollo del torneo participan luchares de El\u00edas Pi\u00f1a, San Juan de la Maguana, Azua, Barahona, Neyba, Ban\u00ed, San Crist\u00f3bal, Distrito Nacional, Santo Domingo, Monte Plata, La Romana, San Pedro de Macor\u00eds, Hato Mayor, El Seibo, Yuma (La Altagracia), Bonao, San Francisco de Macor\u00eds, Constanza (La Vega) Santiago, Mao, Santiago Rodr\u00edguez y Dajab\u00f3n.<\/span><\/p>\n<\/p>\n<p><span class=\"text1noticias\">Algunos campeones individuales<\/span><\/p>\n<\/p>\n<p><span class=\"text1noticias\">El azuano Samuel Alexander se coron\u00f3 en los 50 kilos estilo greco, mientras que Miguel Angel Reyes, hizo lo propio en los 55 kilos, al igual que Odal\u00eds Beltr\u00e9 Ram\u00edrez en los 60 kilos, ambos de la preselecci\u00f3n nacional, as\u00ed como Anthony M\u00e9ndez, en los 66 kilos.<\/span><\/p>\n<\/p>\n<p><span class=\"text1noticias\">En el estilo libre, Esmerlin Ram\u00edrez, de Bayaguana, obtuvo la medalla de oro en los 50 kilos, en tanto que Ezequiel D\u00edaz, de Azua, domin\u00f3 los 55 kilos. Jefrey Serrata, de la preselecci\u00f3n, gan\u00f3 en los 60 kilos, y Vladimir Ram\u00edrez, de Azua, obtuvo el metal dorado en los 66 kilos.<\/span><\/p>\n<\/p>\n<p><span class=\"text1noticias\">Johan Batista, del Distrito Nacional, se coron\u00f3 en los 74 kilos en greco, mientras que Jovanny Morel, de la preselecci\u00f3n result\u00f3 ganador en los 96 kilos. Bryan Fern\u00e1ndez, de Mao, se impuso en los 120 kilos, y Wilmer P\u00e9rez, de la preselecci\u00f3n, gan\u00f3 los 84 kilos estilo libre.(HG)<\/span>. <\/p>\n<\/p>\n<h6> 2013-06-20 21:46:27 <\/h6>\n<p><!--\n<link rel=\"stylesheet\" href=\"css\/bootstrap.min.css\">\n\n\n<ul class=\"pagination\">\n\t    \n\t\n\n<li >\n\t<a href='?page_no=20292'>Previous<\/a>\n\t<\/li>\n\n\n       \n    \n\n<li><a href='?page_no=1'>1<\/a><\/li>\n\n\n\n<li><a href='?page_no=2'>2<\/a><\/li>\n\n\n\n<li><a>...<\/a><\/li>\n\n\n\n<li><a href='?page_no=20291'>20291<\/a><\/li>\n\n\n\n<li><a href='?page_no=20292'>20292<\/a><\/li>\n\n\n\n<li class='active'><a>20293<\/a><\/li>\n\n\n\n<li><a href='?page_no=20294'>20294<\/a><\/li>\n\n\n\n<li><a href='?page_no=20295'>20295<\/a><\/li>\n\n\n\n<li><a>...<\/a><\/li>\n\n\n\n<li><a href='?page_no=36618'>36618<\/a><\/li>\n\n\n\n<li><a href='?page_no=36619'>36619<\/a><\/li>\n\n    \n\t\n\n<li >\n\t<a href='?page_no=20294'>Next<\/a>\n\t<\/li>\n\n\n    \n\n<li><a href='?page_no=36619'>Last &rsaquo;&rsaquo;<\/a><\/li>\n\n<\/ul>\n\n\n--><br \/>\n<\/body><\/p>\n","protected":false},"excerpt":{"rendered":"<p>Santo Domingo, RD, 20 de Junio.-El seleccionado de Azua conquist\u00f3 el primer lugar en la categor\u00eda juvenil 17-20 a\u00f1os del XII Campeonato Nacional de Lucha Copa Navide\u00f1a que se lleva a cabo en el Pabell\u00f3n de ese deporte en el Centro Ol\u00edmpico. Para llevarse el trofeo de monarcas en los estilos greco y libre, los [&hellip;]<\/p>\n","protected":false},"author":3,"featured_media":0,"comment_status":"open","ping_status":"open","sticky":false,"template":"","format":"standard","meta":{"footnotes":""},"categories":[17],"tags":[],"class_list":["post-213183","post","type-post","status-publish","format-standard","hentry","category-deportes"],"_links":{"self":[{"href":"https:\/\/diariodominicano.com\/index.php?rest_route=\/wp\/v2\/posts\/213183","targetHints":{"allow":["GET"]}}],"collection":[{"href":"https:\/\/diariodominicano.com\/index.php?rest_route=\/wp\/v2\/posts"}],"about":[{"href":"https:\/\/diariodominicano.com\/index.php?rest_route=\/wp\/v2\/types\/post"}],"author":[{"embeddable":true,"href":"https:\/\/diariodominicano.com\/index.php?rest_route=\/wp\/v2\/users\/3"}],"replies":[{"embeddable":true,"href":"https:\/\/diariodominicano.com\/index.php?rest_route=%2Fwp%2Fv2%2Fcomments&post=213183"}],"version-history":[{"count":0,"href":"https:\/\/diariodominicano.com\/index.php?rest_route=\/wp\/v2\/posts\/213183\/revisions"}],"wp:attachment":[{"href":"https:\/\/diariodominicano.com\/index.php?rest_route=%2Fwp%2Fv2%2Fmedia&parent=213183"}],"wp:term":[{"taxonomy":"category","embeddable":true,"href":"https:\/\/diariodominicano.com\/index.php?rest_route=%2Fwp%2Fv2%2Fcategories&post=213183"},{"taxonomy":"post_tag","embeddable":true,"href":"https:\/\/diariodominicano.com\/index.php?rest_route=%2Fwp%2Fv2%2Ftags&post=213183"}],"curies":[{"name":"wp","href":"https:\/\/api.w.org\/{rel}","templated":true}]}}