{"id":213182,"date":"2013-06-20T23:01:07","date_gmt":"2013-06-20T23:01:07","guid":{"rendered":"http:\/\/diariodominicano.ddns.net\/?p=213182"},"modified":"2013-06-20T23:01:07","modified_gmt":"2013-06-20T23:01:07","slug":"comites-paralimpicos-abogan-por-apoyo-en-el-caribe","status":"publish","type":"post","link":"https:\/\/diariodominicano.com\/?p=213182","title":{"rendered":"Comit\u00e9s paral\u00edmpicos abogan por apoyo en el Caribe"},"content":{"rendered":"<p><body><\/p>\n<p><img decoding=\"async\" src=\"http:\/\/localhost:8080\/img3\/paralimpicos.JPG\" \/>  <\/p>\n<p><span class=\"text1noticias\">Juan Dolio, SPM, RD, 20 de Junio.-El director general del Comit\u00e9 Paral\u00edmpico Internacional (IPC), Georg Schlachtenberger, abog\u00f3 para que en el Caribe el deporte paral\u00edmpico reciba el respaldo necesario como una forma de abrir fronteras.<\/span><\/p>\n<\/p>\n<p><span class=\"text1noticias\">Schlachtenberger lanz\u00f3 su voz de alerta durante la apertura ayer jueves del primer Taller Sobre Planificaci\u00f3n Estrat\u00e9gica y de Negocios en el hotel Capella, de Juan Dolio, con representantes de los comit\u00e9s paral\u00edmpicos del Caribe.<\/span><\/p>\n<\/p>\n<p><span class=\"text1noticias\">??Este taller tiene como \u00fanica misi\u00f3n de unificarnos, que todos los derechos de los discapacitados sean garantizados para lograr una igualdad en todos los pa\u00edses??, sostuvo Schlachtenberger.<\/span><\/p>\n<\/p>\n<p><span class=\"text1noticias\">En el encuentro, el presidente del Comit\u00e9 Paral\u00edmpico Dominicano (Copadom) Eladio Agramonte, resalt\u00f3 el papel que ha venido realizando en los \u00faltimos a\u00f1os por ese sector y las reivindicaciones que ha venido reclamando.<\/span><\/p>\n<\/p>\n<p><span class=\"text1noticias\">Mientras, el directo del Consejo Nacional de Discapacitaci\u00f3n (CONADI), Magino Corpor\u00e1n, indic\u00f3 que en la Rep\u00fablica Dominicana hay una gran responsabilidad con las personas con discapacidad ??la cual nuestra sociedad ha excluido, sin darle oportunidad, pero que \u00faltimamente se han dado cuenta de que son \u00fatiles para el desarrollo y que pueden desempe\u00f1ar diversas funciones??.<\/span><\/p>\n<\/p>\n<p><span class=\"text1noticias\">Corpor\u00e1n destac\u00f3 el papel que juega el deporte en estos momentos como ente de motivaci\u00f3n para las personas que tienen limitaciones f\u00edsicas. ??Pienso que el deporte y la cultura son dos medios para la integraci\u00f3n de las personas con discapacidad??, agreg\u00f3.<\/span><\/p>\n<\/p>\n<p><span class=\"text1noticias\">El seminario taller se llevar\u00e1 a cabo hasta este domingo y participan representantes de 16 pa\u00edses del Caribe.<\/span><\/p>\n<\/p>\n<p><span class=\"text1noticias\">La IPC apoya la celebraci\u00f3n de esta parte educativa como parte del desarrollo para el deporte de alto nivel, donde el pa\u00eds ocupa un rol vital en lo relativo a personas con discapacidad.<\/span><\/p>\n<\/p>\n<p><span class=\"text1noticias\">El encuentro tiene como objetivo la planificaci\u00f3n de las actividades deportivas en el ciclo ol\u00edmpico que concluir\u00e1 con los juegos paral\u00edmpicos de Brasil 2016, adem\u00e1s de fortalecer los comit\u00e9s paral\u00edmpicos del \u00e1rea del Caribe.<\/span><\/p>\n<\/p>\n<p><span class=\"text1noticias\">Iniciativa del encuentro<\/span><\/p>\n<\/p>\n<p><span class=\"text1noticias\">La Rep\u00fablica Dominicana obtuvo la sede para celebrar dicho seminario durante los juegos Parapanamericanos de Guadalajara 2011.<\/span><\/p>\n<\/p>\n<p><span class=\"text1noticias\">Entre los pa\u00edses caribe\u00f1os que participar\u00e1n en el seminario estar\u00e1n Trinidad y Tobago, Haiti, Barbados, Surinam, Puerto Rico, Martinica, Cuba, Alemania, Inglaterra, Aruba, Bermudas, Islas V\u00edrgenes, Jamaica, Rep\u00fablica Dominicana entre otros. En total son unos 22 naciones que conforman el Comit\u00e9 Paral\u00edmpico Internacional y del Caribe (CANPC).(HG)<\/span>.<\/p>\n<h6> 2013-06-20 23:01:07 <\/h6>\n<p><!--\n<link rel=\"stylesheet\" href=\"css\/bootstrap.min.css\">\n\n\n<ul class=\"pagination\">\n\t    \n\t\n\n<li >\n\t<a href='?page_no=20291'>Previous<\/a>\n\t<\/li>\n\n\n       \n    \n\n<li><a href='?page_no=1'>1<\/a><\/li>\n\n\n\n<li><a href='?page_no=2'>2<\/a><\/li>\n\n\n\n<li><a>...<\/a><\/li>\n\n\n\n<li><a href='?page_no=20290'>20290<\/a><\/li>\n\n\n\n<li><a href='?page_no=20291'>20291<\/a><\/li>\n\n\n\n<li class='active'><a>20292<\/a><\/li>\n\n\n\n<li><a href='?page_no=20293'>20293<\/a><\/li>\n\n\n\n<li><a href='?page_no=20294'>20294<\/a><\/li>\n\n\n\n<li><a>...<\/a><\/li>\n\n\n\n<li><a href='?page_no=36618'>36618<\/a><\/li>\n\n\n\n<li><a href='?page_no=36619'>36619<\/a><\/li>\n\n    \n\t\n\n<li >\n\t<a href='?page_no=20293'>Next<\/a>\n\t<\/li>\n\n\n    \n\n<li><a href='?page_no=36619'>Last &rsaquo;&rsaquo;<\/a><\/li>\n\n<\/ul>\n\n\n--><br \/>\n<\/body><\/p>\n","protected":false},"excerpt":{"rendered":"<p>Juan Dolio, SPM, RD, 20 de Junio.-El director general del Comit\u00e9 Paral\u00edmpico Internacional (IPC), Georg Schlachtenberger, abog\u00f3 para que en el Caribe el deporte paral\u00edmpico reciba el respaldo necesario como una forma de abrir fronteras. Schlachtenberger lanz\u00f3 su voz de alerta durante la apertura ayer jueves del primer Taller Sobre Planificaci\u00f3n Estrat\u00e9gica y de Negocios [&hellip;]<\/p>\n","protected":false},"author":3,"featured_media":0,"comment_status":"open","ping_status":"open","sticky":false,"template":"","format":"standard","meta":{"footnotes":""},"categories":[17],"tags":[],"class_list":["post-213182","post","type-post","status-publish","format-standard","hentry","category-deportes"],"_links":{"self":[{"href":"https:\/\/diariodominicano.com\/index.php?rest_route=\/wp\/v2\/posts\/213182","targetHints":{"allow":["GET"]}}],"collection":[{"href":"https:\/\/diariodominicano.com\/index.php?rest_route=\/wp\/v2\/posts"}],"about":[{"href":"https:\/\/diariodominicano.com\/index.php?rest_route=\/wp\/v2\/types\/post"}],"author":[{"embeddable":true,"href":"https:\/\/diariodominicano.com\/index.php?rest_route=\/wp\/v2\/users\/3"}],"replies":[{"embeddable":true,"href":"https:\/\/diariodominicano.com\/index.php?rest_route=%2Fwp%2Fv2%2Fcomments&post=213182"}],"version-history":[{"count":0,"href":"https:\/\/diariodominicano.com\/index.php?rest_route=\/wp\/v2\/posts\/213182\/revisions"}],"wp:attachment":[{"href":"https:\/\/diariodominicano.com\/index.php?rest_route=%2Fwp%2Fv2%2Fmedia&parent=213182"}],"wp:term":[{"taxonomy":"category","embeddable":true,"href":"https:\/\/diariodominicano.com\/index.php?rest_route=%2Fwp%2Fv2%2Fcategories&post=213182"},{"taxonomy":"post_tag","embeddable":true,"href":"https:\/\/diariodominicano.com\/index.php?rest_route=%2Fwp%2Fv2%2Ftags&post=213182"}],"curies":[{"name":"wp","href":"https:\/\/api.w.org\/{rel}","templated":true}]}}