{"id":213173,"date":"2013-06-22T14:33:40","date_gmt":"2013-06-22T14:33:40","guid":{"rendered":"http:\/\/diariodominicano.ddns.net\/?p=213173"},"modified":"2013-06-22T14:33:40","modified_gmt":"2013-06-22T14:33:40","slug":"titanes-cuentan-con-buen-material","status":"publish","type":"post","link":"https:\/\/diariodominicano.com\/?p=213173","title":{"rendered":"Titanes cuentan con buen material"},"content":{"rendered":"<p><body><\/p>\n<p><img decoding=\"async\" src=\"img3\/titanes 22.jpg\" \/>  <\/p>\n<p>Santo Domingo RD 22 junio.-La divisi\u00f3n de baloncesto del Club Atl\u00e9tico Licey, viene esta temporada a terminar lo que no pudo en la pasada estaci\u00f3n y cruzar a los juegos de la Serie Final.<\/p>\n<\/p>\n<p>\u00abHemos tratado de conformar el mejor equipo, el mejor grupo de atletas posibles para dar el espect\u00e1culo\u00bb indic\u00f3 Tancredo Aybar, presidente de los Titanes del Licey.<\/p>\n<\/p>\n<p>Los Titanes mostraron este viernes el material con que cuentan para la temporada que inicia este martes 25, en rueda de prensa celebrada en el Restaurante Mix de esta ciudad.<\/p>\n<\/p>\n<p>\u00abEn esta ocasi\u00f3n vamos a tener refuerzos de los Estados Unidos, la mayor\u00eda de la liga de desarrollo de la NBA\u00bb, declar\u00f3 el gerente general Munir Dagher<\/p>\n<\/p>\n<p>James Thomas, Gary Flowers y J.P.Primm fueron los tres importados que permite  para este a\u00f1o el nuevo reglamento de importaciones de la Liga Nacional de Baloncesto Scotiabank para la edici\u00f3n del 2013.<\/p>\n<\/p>\n<p>Thomas, es un delantero y centro de 6-9 de estatura, 255 libras y 33 a\u00f1os que juega para el Maccabi Haifa en la final del baloncesto de Israel. Tiene experiencia en las ligas de Italia y Turqu\u00eda. Es egresado de la Universidad de Texas.<\/p>\n<\/p>\n<p>\u00abAdem\u00e1s contamos con Gary Flowers, un veterano delantero de poder de la liga de desarrollo junto al jugador joven J.P. Prinm que va a ser nuestro armador\u00bb, explic\u00f3 Dagher<\/p>\n<\/p>\n<p>.Flowers mide 6-8, pesa 214 libras y tiene 27 a\u00f1os. Estuvo con el equipo de Los \u00c1ngeles D-Fenders con los que promedi\u00f3 16 puntos, 8 rebotes y un par de asistencias<\/p>\n<\/p>\n<p>J. P. Primm llega como refuerzo apara ayudar al \u00e9xito del equipo, desarrollar m\u00e1s su juego e involucrar a sus compa\u00f1eros en la ofensiva. Es un producto de la Universidad de Tennessee, viene de jugar con el equipo Mersin en la liga de Turqu\u00eda<\/p>\n<\/p>\n<p>En 29 partidos con el Mersin tuvo promedios de 12.5 puntos, 7.2 rebotes, 2.3 asistencias y 1.9 robos de bal\u00f3n. Primm tambi\u00e9n tiene experiencia en las ligas profesionales de Puerto Rico y Venezuela<\/p>\n<\/p>\n<p>Jos\u00e9 Boy\u00f3n Dom\u00ednguez, ser\u00e1 el dirigente, acompa\u00f1ado por Julio Cesar Javier Ayata y Luis Matos.<\/p>\n<\/p>\n<p>Munir Dagers, es el Gerente General, junto a  de Joan Molina como asistente.<\/p>\n<\/p>\n<p>Los partidos por televisi\u00f3n ser\u00e1n llevados a trav\u00e9s de Coral 39, en las voces de Ildefonso Ure\u00f1a, en la narraci\u00f3n; Rolando Guante, en los comentarios y Juan Nova Ram\u00edrez en los comerciales, mientras que por Espn Radio Dominicana, 1045 FM, Euri Hern\u00e1ndez, Satosky Terrero Fernando Custodio. Sussy Jim\u00e9nez en las entrevistas de pre, post y medio tiempo; Luis Beltr\u00e1n es el locutor interno.<\/p>\n<\/p>\n<p>Los Titanes del Licey debutan en la temporada el pr\u00f3ximo d\u00eda 26 cuando visiten a los Ca\u00f1eros del Este en el polideportivo Eleoncio Mercedes de la ciudad de La Romana.<\/p>\n<\/p>\n<h6> 2013-06-22 14:33:40 <\/h6>\n<p><!--\n<link rel=\"stylesheet\" href=\"css\/bootstrap.min.css\">\n\n\n<ul class=\"pagination\">\n\t    \n\t\n\n<li >\n\t<a href='?page_no=20282'>Previous<\/a>\n\t<\/li>\n\n\n       \n    \n\n<li><a href='?page_no=1'>1<\/a><\/li>\n\n\n\n<li><a href='?page_no=2'>2<\/a><\/li>\n\n\n\n<li><a>...<\/a><\/li>\n\n\n\n<li><a href='?page_no=20281'>20281<\/a><\/li>\n\n\n\n<li><a href='?page_no=20282'>20282<\/a><\/li>\n\n\n\n<li class='active'><a>20283<\/a><\/li>\n\n\n\n<li><a href='?page_no=20284'>20284<\/a><\/li>\n\n\n\n<li><a href='?page_no=20285'>20285<\/a><\/li>\n\n\n\n<li><a>...<\/a><\/li>\n\n\n\n<li><a href='?page_no=36618'>36618<\/a><\/li>\n\n\n\n<li><a href='?page_no=36619'>36619<\/a><\/li>\n\n    \n\t\n\n<li >\n\t<a href='?page_no=20284'>Next<\/a>\n\t<\/li>\n\n\n    \n\n<li><a href='?page_no=36619'>Last &rsaquo;&rsaquo;<\/a><\/li>\n\n<\/ul>\n\n\n--><br \/>\n<\/body><\/p>\n","protected":false},"excerpt":{"rendered":"<p>Santo Domingo RD 22 junio.-La divisi\u00f3n de baloncesto del Club Atl\u00e9tico Licey, viene esta temporada a terminar lo que no pudo en la pasada estaci\u00f3n y cruzar a los juegos de la Serie Final. \u00abHemos tratado de conformar el mejor equipo, el mejor grupo de atletas posibles para dar el espect\u00e1culo\u00bb indic\u00f3 Tancredo Aybar, presidente [&hellip;]<\/p>\n","protected":false},"author":3,"featured_media":0,"comment_status":"open","ping_status":"open","sticky":false,"template":"","format":"standard","meta":{"footnotes":""},"categories":[17],"tags":[],"class_list":["post-213173","post","type-post","status-publish","format-standard","hentry","category-deportes"],"_links":{"self":[{"href":"https:\/\/diariodominicano.com\/index.php?rest_route=\/wp\/v2\/posts\/213173","targetHints":{"allow":["GET"]}}],"collection":[{"href":"https:\/\/diariodominicano.com\/index.php?rest_route=\/wp\/v2\/posts"}],"about":[{"href":"https:\/\/diariodominicano.com\/index.php?rest_route=\/wp\/v2\/types\/post"}],"author":[{"embeddable":true,"href":"https:\/\/diariodominicano.com\/index.php?rest_route=\/wp\/v2\/users\/3"}],"replies":[{"embeddable":true,"href":"https:\/\/diariodominicano.com\/index.php?rest_route=%2Fwp%2Fv2%2Fcomments&post=213173"}],"version-history":[{"count":0,"href":"https:\/\/diariodominicano.com\/index.php?rest_route=\/wp\/v2\/posts\/213173\/revisions"}],"wp:attachment":[{"href":"https:\/\/diariodominicano.com\/index.php?rest_route=%2Fwp%2Fv2%2Fmedia&parent=213173"}],"wp:term":[{"taxonomy":"category","embeddable":true,"href":"https:\/\/diariodominicano.com\/index.php?rest_route=%2Fwp%2Fv2%2Fcategories&post=213173"},{"taxonomy":"post_tag","embeddable":true,"href":"https:\/\/diariodominicano.com\/index.php?rest_route=%2Fwp%2Fv2%2Ftags&post=213173"}],"curies":[{"name":"wp","href":"https:\/\/api.w.org\/{rel}","templated":true}]}}