{"id":213172,"date":"2013-06-22T17:47:30","date_gmt":"2013-06-22T17:47:30","guid":{"rendered":"http:\/\/diariodominicano.ddns.net\/?p=213172"},"modified":"2013-06-22T17:47:30","modified_gmt":"2013-06-22T17:47:30","slug":"candy-montilla-exhorta-practicar-deportes","status":"publish","type":"post","link":"https:\/\/diariodominicano.com\/?p=213172","title":{"rendered":"&#13;Candy Montilla exhorta practicar deportes"},"content":{"rendered":"<p><body><\/p>\n<p><img decoding=\"async\" src=\"http:\/\/localhost:8080\/img3\/candy.JPG\" \/>  <\/p>\n<p><span class=\"text1noticias\">Santo Domingo, RD, 22 de Junio.-Bajo el lema \u00abJugando nos o\u00edmos\u00bb, proclamas de la igualdad de derecho para todos y un llamado de la Primera Dama de la Rep\u00fablica, licenciada Candy Montilla de Medina, para que todos los ciudadanos se integren a la pr\u00e1ctica deportiva, qued\u00f3 inaugurado este viernes el Festival Deportivo de la Diversidad, que organiza el Ministerio de Deportes.<\/span><\/p>\n<\/p>\n<p><span class=\"text1noticias\">Unas 800 personas con diferentes capacidades, j\u00f3venes y envejecientes, m\u00e1s otra cantidad sin discapacidad compiten desde este viernes hasta el domingo en atletismo, baloncesto, softbol, f\u00fatbol nataci\u00f3n, domin\u00f3 y voleibol.<\/span><\/p>\n<\/p>\n<p><span class=\"text1noticias\">En la apertura se mostraron sonrientes con las diferentes actividades art\u00edsticas y gimn\u00e1sticas del acto protocolar encabezado por Montilla de Medina, Los Ministros de Educaci\u00f3n y de Deportes, Josefina Pimentel y Jaime David Fern\u00e1ndez Mirabal; y jefe operativo del Comit\u00e9 Paral\u00edmpico Internacional, George Schlachtenberger; el presidente de los Tigres del Licey Miguel Guerra; y el vicepresidente del Comit\u00e9 Organizador Jos\u00e9 Luis Suero.<\/span><\/p>\n<\/p>\n<p><span class=\"text1noticias\">Tras agradecer el nombramiento como presidenta del Comit\u00e9 Organizador y felicitar al Ministerio de Deportes por la iniciativa, Montilla de Medina proclam\u00f3 que \u00abtodos debemos tener las mismas oportunidades\u00bb, que es lo que desde el Despacho de la Primera Dama \u00abqueremos hacerle ver a la sociedad\u00bb.<\/span><\/p>\n<\/p>\n<p><span class=\"text1noticias\">\u00abImpulsamos pol\u00edticas inclusivas y de participaci\u00f3n, convencidos de que ante Dios y el  mundo, todos tenemos los mismos derechos. Compartir con ustedes, nos refuerza la voluntad y disposici\u00f3n de seguir impulsando pol\u00edticas inclusivas de participaci\u00f3n que lleva a cabo el Gobierno de mi esposo Danilo Medina\u00bb, proclam\u00f3.<\/span><\/p>\n<\/p>\n<p><span class=\"text1noticias\">Schlachtenberger destac\u00f3 la importancia de reunir gente tan diferencia, tambi\u00e9n proclam\u00f3 que \u00abtodos somos parte de la comunidad\u00bb y resalt\u00f3 la decisi\u00f3n de los organizadores de realizar el festival de la diversidad.<\/span><\/p>\n<\/p>\n<p><span class=\"text1noticias\">Fern\u00e1ndez Mirabal dej\u00f3 formalmente inaugurado el certamen, en nombre del Ministerio y la Primera Dama y de inmediato dio paso a un breve discurso de la ministra de Educaci\u00f3n, Josefina Pimentel, quien se uni\u00f3 al mensaje expuesto por sus predecesores.<\/span><\/p>\n<\/p>\n<p><span class=\"text1noticias\">Las palabras de bienvenido las pronunci\u00f3 el vicepresidente del  Comit\u00e9 Organizador, Jos\u00e9 Luis Suero, quien expres\u00f3 que \u00absomos todos dominicanos, tenemos los mismos derechos y queremos ser parte integral de la sociedad\u00bb.<\/span><\/p>\n<\/p>\n<p><span class=\"text1noticias\">Oscar Villanueva, presidente de la Fundaci\u00f3n Qui\u00e9reme como Soy, hizo la invocaci\u00f3n religiosa. El juramento lo tomaron los j\u00f3venes Luc\u00eda Isabel  Vizca\u00edno y Manuel Melenciano.<\/span><\/p>\n<\/p>\n<p><span class=\"text1noticias\">Personal de las distintas organizaciones con discapacidad tradujeron en el lenguaje de se\u00f1as los discursos y manifestaciones a los participantes con deficiencias.<\/span><\/p>\n<\/p>\n<p><span class=\"text1noticias\">La banda de m\u00fasica de la Marina de Guerra interpret\u00f3 el himno nacional y la marcha del desfile, mientras un conjunto de m\u00fasica t\u00edpica alegr\u00f3 a los participantes.(HG)<\/span>.<\/p>\n<h6> 2013-06-22 17:47:30 <\/h6>\n<p><!--\n<link rel=\"stylesheet\" href=\"css\/bootstrap.min.css\">\n\n\n<ul class=\"pagination\">\n\t    \n\t\n\n<li >\n\t<a href='?page_no=20281'>Previous<\/a>\n\t<\/li>\n\n\n       \n    \n\n<li><a href='?page_no=1'>1<\/a><\/li>\n\n\n\n<li><a href='?page_no=2'>2<\/a><\/li>\n\n\n\n<li><a>...<\/a><\/li>\n\n\n\n<li><a href='?page_no=20280'>20280<\/a><\/li>\n\n\n\n<li><a href='?page_no=20281'>20281<\/a><\/li>\n\n\n\n<li class='active'><a>20282<\/a><\/li>\n\n\n\n<li><a href='?page_no=20283'>20283<\/a><\/li>\n\n\n\n<li><a href='?page_no=20284'>20284<\/a><\/li>\n\n\n\n<li><a>...<\/a><\/li>\n\n\n\n<li><a href='?page_no=36618'>36618<\/a><\/li>\n\n\n\n<li><a href='?page_no=36619'>36619<\/a><\/li>\n\n    \n\t\n\n<li >\n\t<a href='?page_no=20283'>Next<\/a>\n\t<\/li>\n\n\n    \n\n<li><a href='?page_no=36619'>Last &rsaquo;&rsaquo;<\/a><\/li>\n\n<\/ul>\n\n\n--><br \/>\n<\/body><\/p>\n","protected":false},"excerpt":{"rendered":"<p>Santo Domingo, RD, 22 de Junio.-Bajo el lema \u00abJugando nos o\u00edmos\u00bb, proclamas de la igualdad de derecho para todos y un llamado de la Primera Dama de la Rep\u00fablica, licenciada Candy Montilla de Medina, para que todos los ciudadanos se integren a la pr\u00e1ctica deportiva, qued\u00f3 inaugurado este viernes el Festival Deportivo de la Diversidad, [&hellip;]<\/p>\n","protected":false},"author":3,"featured_media":0,"comment_status":"open","ping_status":"open","sticky":false,"template":"","format":"standard","meta":{"footnotes":""},"categories":[17],"tags":[],"class_list":["post-213172","post","type-post","status-publish","format-standard","hentry","category-deportes"],"_links":{"self":[{"href":"https:\/\/diariodominicano.com\/index.php?rest_route=\/wp\/v2\/posts\/213172","targetHints":{"allow":["GET"]}}],"collection":[{"href":"https:\/\/diariodominicano.com\/index.php?rest_route=\/wp\/v2\/posts"}],"about":[{"href":"https:\/\/diariodominicano.com\/index.php?rest_route=\/wp\/v2\/types\/post"}],"author":[{"embeddable":true,"href":"https:\/\/diariodominicano.com\/index.php?rest_route=\/wp\/v2\/users\/3"}],"replies":[{"embeddable":true,"href":"https:\/\/diariodominicano.com\/index.php?rest_route=%2Fwp%2Fv2%2Fcomments&post=213172"}],"version-history":[{"count":0,"href":"https:\/\/diariodominicano.com\/index.php?rest_route=\/wp\/v2\/posts\/213172\/revisions"}],"wp:attachment":[{"href":"https:\/\/diariodominicano.com\/index.php?rest_route=%2Fwp%2Fv2%2Fmedia&parent=213172"}],"wp:term":[{"taxonomy":"category","embeddable":true,"href":"https:\/\/diariodominicano.com\/index.php?rest_route=%2Fwp%2Fv2%2Fcategories&post=213172"},{"taxonomy":"post_tag","embeddable":true,"href":"https:\/\/diariodominicano.com\/index.php?rest_route=%2Fwp%2Fv2%2Ftags&post=213172"}],"curies":[{"name":"wp","href":"https:\/\/api.w.org\/{rel}","templated":true}]}}