{"id":213171,"date":"2013-06-22T18:15:12","date_gmt":"2013-06-22T18:15:12","guid":{"rendered":"http:\/\/diariodominicano.ddns.net\/?p=213171"},"modified":"2013-06-22T18:15:12","modified_gmt":"2013-06-22T18:15:12","slug":"pilotos-mejia-y-arias-regresan-en-biojo-al-motocross-nacional-kendall","status":"publish","type":"post","link":"https:\/\/diariodominicano.com\/?p=213171","title":{"rendered":"Pilotos Mej\u00eda y Arias regresan en Bioj\u00f3 al motocross nacional Kendall&#13;"},"content":{"rendered":"<p><body><\/p>\n<p><img decoding=\"async\" src=\"http:\/\/localhost:8080\/img3\/motocross.JPG\" \/>  <\/p>\n<p><span class=\"text1noticias\">Santiago, RD, 22 de Junio.-Los pilotos santiaguenses, Raynear Mej\u00eda, doble campe\u00f3n nacional del m\u00e1ximo cilindraje y el ex monarca del pa\u00eds, Francis Arias, regresan ma\u00f1ana en Bioj\u00f3, al campeonato nacional Kendall de motocross, uni\u00e9ndose as\u00ed a unos 90 que accionar\u00e1n en el evento.<\/span><\/p>\n<\/p>\n<p><span class=\"text1noticias\">El organizador de la competencia Sime\u00f3n Loveras, fue quien dio la informaci\u00f3n a trav\u00e9s del periodista Oscar Polanco.<\/span><\/p>\n<\/p>\n<p><span class=\"text1noticias\">Dijo que ambos pilotos han estado realizando entrenamientos en la misma pista de Bioj\u00f3 y que los dos se ven bien y muy r\u00e1pidos, agregando que Mej\u00eda se restablece satisfactoriamente de los accidentes que sufri\u00f3.<\/span><\/p>\n<\/p>\n<p><span class=\"text1noticias\">Sobre el doble campe\u00f3n nacional de las dos categor\u00edas para expertos, el Monstruo Mej\u00eda, luego de restablecerse de un mal accidente en los Estados Unidos, sufri\u00f3 otro recientemente en la pista de El Pino, La Vega, pero, seg\u00fan Loveras ya se restableci\u00f3 y correr\u00e1 ma\u00f1ana domingo.<\/span><\/p>\n<\/p>\n<p><span class=\"text1noticias\">Mientras que Arias, ex campe\u00f3n nacional por varios a\u00f1os consecutivos, seg\u00fan Loveras, alega que ya se siente en forma y podr\u00e1 competir ma\u00f1ana domingo.<\/span><\/p>\n<\/p>\n<p><span class=\"text1noticias\">De esta manera ambos pilotos se unen a unos 90 inscritos en el campeonato nacional Kendall de motoctross, que en su sexta versi\u00f3n del a\u00f1o se corre ma\u00f1ana en la pista de Bioj\u00f3.<\/span><\/p>\n<\/p>\n<p><span class=\"text1noticias\">En tanto, Los moradores de Bioj\u00f3, Santiago, en las faldas de la monta\u00f1a Septentrional, han convertido en fiesta por toda una semana, la preparaci\u00f3n del sexto evento puntuable del campeonato nacional Kendall de motocross que se correr\u00e1 ma\u00f1ana domingo.<\/span><\/p>\n<\/p>\n<p><span class=\"text1noticias\">Tanto los vecinos del lugar, como personas de otras provincias, estuvieron diariamente asistiendo a las pr\u00e1cticas de los pilotos, convirtiendo en costumbre estar en la pista.<\/span><\/p>\n<\/p>\n<p><span class=\"text1noticias\">Existe un vibrante entusiasmo para el evento que comenzar\u00e1 ma\u00f1ana domingo a las diez y media de la ma\u00f1ana, en todas las categor\u00edas del campeonato nacional.<\/span><\/p>\n<\/p>\n<p><span class=\"text1noticias\">Esas categor\u00edas son, pee wee, super pee wee, 65cc, novatos, 85cc, master, pre-expertos, MX-2 y MX-1, las dos para expertos, todas a dos mangas, cada giro tiene sus minutos correspondientes, al cumplirse el tiempo, dar\u00e1 una vuelta m\u00e1s.(HG)<\/span>.<\/p>\n<h6> 2013-06-22 18:15:12 <\/h6>\n<p><!--\n<link rel=\"stylesheet\" href=\"css\/bootstrap.min.css\">\n\n\n<ul class=\"pagination\">\n\t    \n\t\n\n<li >\n\t<a href='?page_no=20280'>Previous<\/a>\n\t<\/li>\n\n\n       \n    \n\n<li><a href='?page_no=1'>1<\/a><\/li>\n\n\n\n<li><a href='?page_no=2'>2<\/a><\/li>\n\n\n\n<li><a>...<\/a><\/li>\n\n\n\n<li><a href='?page_no=20279'>20279<\/a><\/li>\n\n\n\n<li><a href='?page_no=20280'>20280<\/a><\/li>\n\n\n\n<li class='active'><a>20281<\/a><\/li>\n\n\n\n<li><a href='?page_no=20282'>20282<\/a><\/li>\n\n\n\n<li><a href='?page_no=20283'>20283<\/a><\/li>\n\n\n\n<li><a>...<\/a><\/li>\n\n\n\n<li><a href='?page_no=36618'>36618<\/a><\/li>\n\n\n\n<li><a href='?page_no=36619'>36619<\/a><\/li>\n\n    \n\t\n\n<li >\n\t<a href='?page_no=20282'>Next<\/a>\n\t<\/li>\n\n\n    \n\n<li><a href='?page_no=36619'>Last &rsaquo;&rsaquo;<\/a><\/li>\n\n<\/ul>\n\n\n--><br \/>\n<\/body><\/p>\n","protected":false},"excerpt":{"rendered":"<p>Santiago, RD, 22 de Junio.-Los pilotos santiaguenses, Raynear Mej\u00eda, doble campe\u00f3n nacional del m\u00e1ximo cilindraje y el ex monarca del pa\u00eds, Francis Arias, regresan ma\u00f1ana en Bioj\u00f3, al campeonato nacional Kendall de motocross, uni\u00e9ndose as\u00ed a unos 90 que accionar\u00e1n en el evento. El organizador de la competencia Sime\u00f3n Loveras, fue quien dio la informaci\u00f3n [&hellip;]<\/p>\n","protected":false},"author":3,"featured_media":0,"comment_status":"open","ping_status":"open","sticky":false,"template":"","format":"standard","meta":{"footnotes":""},"categories":[17],"tags":[],"class_list":["post-213171","post","type-post","status-publish","format-standard","hentry","category-deportes"],"_links":{"self":[{"href":"https:\/\/diariodominicano.com\/index.php?rest_route=\/wp\/v2\/posts\/213171","targetHints":{"allow":["GET"]}}],"collection":[{"href":"https:\/\/diariodominicano.com\/index.php?rest_route=\/wp\/v2\/posts"}],"about":[{"href":"https:\/\/diariodominicano.com\/index.php?rest_route=\/wp\/v2\/types\/post"}],"author":[{"embeddable":true,"href":"https:\/\/diariodominicano.com\/index.php?rest_route=\/wp\/v2\/users\/3"}],"replies":[{"embeddable":true,"href":"https:\/\/diariodominicano.com\/index.php?rest_route=%2Fwp%2Fv2%2Fcomments&post=213171"}],"version-history":[{"count":0,"href":"https:\/\/diariodominicano.com\/index.php?rest_route=\/wp\/v2\/posts\/213171\/revisions"}],"wp:attachment":[{"href":"https:\/\/diariodominicano.com\/index.php?rest_route=%2Fwp%2Fv2%2Fmedia&parent=213171"}],"wp:term":[{"taxonomy":"category","embeddable":true,"href":"https:\/\/diariodominicano.com\/index.php?rest_route=%2Fwp%2Fv2%2Fcategories&post=213171"},{"taxonomy":"post_tag","embeddable":true,"href":"https:\/\/diariodominicano.com\/index.php?rest_route=%2Fwp%2Fv2%2Ftags&post=213171"}],"curies":[{"name":"wp","href":"https:\/\/api.w.org\/{rel}","templated":true}]}}