{"id":213170,"date":"2013-06-22T18:33:23","date_gmt":"2013-06-22T18:33:23","guid":{"rendered":"http:\/\/diariodominicano.ddns.net\/?p=213170"},"modified":"2013-06-22T18:33:23","modified_gmt":"2013-06-22T18:33:23","slug":"cod-reitera-apoyo-avance-movimiento-paralimpico","status":"publish","type":"post","link":"https:\/\/diariodominicano.com\/?p=213170","title":{"rendered":"COD reitera apoyo avance movimiento paral\u00edmpico"},"content":{"rendered":"<p><body><\/p>\n<p><img decoding=\"async\" src=\"img3\/Paralimpicos.JPG\" \/>  <\/p>\n<p><span class=\"text1noticias\">Juan Dolio, SPM, RD, 22 de Junio.-El Comit\u00e9 Ol\u00edmpico Dominicano (COD), reiter\u00f3 su apoyo al desarrollo del movimiento paral\u00edmpico en la Rep\u00fablica Dominicana.<\/span><\/p>\n<\/p>\n<p><span class=\"text1noticias\">La manifestaci\u00f3n de respaldo fue garantizado por Luis Mej\u00eda y Antonio Acosta, presidente y secretario general del COD, respectivamente, al asistir a la apertura del  primer Taller Sobre Planificaci\u00f3n Estrat\u00e9gica y de Negocios en el hotel Capella, de Juan Dolio.<\/span><\/p>\n<\/p>\n<p><span class=\"text1noticias\">??Este encuentro es una iniciativa de unidad y de desarrollo, y el Comit\u00e9 Ol\u00edmpico Dominicano se siente comprometido con el sector paral\u00edmpico y las personas con discapacidad??, sostuvo Mej\u00eda.<\/span><\/p>\n<\/p>\n<p><span class=\"text1noticias\">El primer Taller Sobre Planificaci\u00f3n Estrat\u00e9gica y de Negocios es organizado por la Asociaci\u00f3n de Comit\u00e9s Paral\u00edmpicos del Caribe, con la coordinaci\u00f3n del Comit\u00e9 Paral\u00edmpico Dominicano, que preside Eladio Agramonte.<\/span><\/p>\n<\/p>\n<p><span class=\"text1noticias\">El encuentro tiene como finalidad la planificaci\u00f3n del programa de actividades que se llevar\u00e1n a cabo durante el pr\u00f3ximo ciclo ol\u00edmpico, as\u00ed como buscar una mayor integraci\u00f3n y desarrollo de los pa\u00edses del Caribe.<\/span><\/p>\n<\/p>\n<p><span class=\"text1noticias\">Representantes de comit\u00e9s paral\u00edmpicos de 16 pa\u00edses trabajan en la planificaci\u00f3n de actividades deportivas, as\u00ed como la posibilidad de llevar a cabo en un futuro no lejano las primeras olimp\u00edadas paral\u00edmpicas.<\/span><\/p>\n<\/p>\n<p><span class=\"text1noticias\">La actividad es dirigida por Georg Schlachtenberger, director general del Comit\u00e9 Paral\u00edmpico Internacional (IPC), as\u00ed como Claire Magras, miembro, y Kenneth F. McKell, presidente del Comit\u00e9 Paral\u00edmpico de Trinidad y Tobago.<\/span><\/p>\n<\/p>\n<p><span class=\"text1noticias\">Schlachtenberger abog\u00f3 para que en el Caribe el deporte paral\u00edmpico reciba el respaldo necesario como una forma de abrir fronteras.<\/span><\/p>\n<\/p>\n<p><span class=\"text1noticias\">El presidente del Comit\u00e9 Paral\u00edmpico Dominicano (Copadom) Eladio Agramonte, resalt\u00f3 el papel que ha venido realizando en los \u00faltimos a\u00f1os por ese sector y las reivindicaciones que ha venido reclamando.<\/span><\/p>\n<\/p>\n<p><span class=\"text1noticias\">Las jornadas de trabajo concluir\u00e1n este s\u00e1bado, donde los representantes de los distintos comit\u00e9s paral\u00edmpicos del caribe elaboran un pliego de actividades que incluir\u00e1 hasta los Juegos Paral\u00edmpicos de R\u00edo 2016.(HG)<\/span>.<\/p>\n<\/p>\n<\/p>\n<h6> 2013-06-22 18:33:23 <\/h6>\n<p><!--\n<link rel=\"stylesheet\" href=\"css\/bootstrap.min.css\">\n\n\n<ul class=\"pagination\">\n\t    \n\t\n\n<li >\n\t<a href='?page_no=20279'>Previous<\/a>\n\t<\/li>\n\n\n       \n    \n\n<li><a href='?page_no=1'>1<\/a><\/li>\n\n\n\n<li><a href='?page_no=2'>2<\/a><\/li>\n\n\n\n<li><a>...<\/a><\/li>\n\n\n\n<li><a href='?page_no=20278'>20278<\/a><\/li>\n\n\n\n<li><a href='?page_no=20279'>20279<\/a><\/li>\n\n\n\n<li class='active'><a>20280<\/a><\/li>\n\n\n\n<li><a href='?page_no=20281'>20281<\/a><\/li>\n\n\n\n<li><a href='?page_no=20282'>20282<\/a><\/li>\n\n\n\n<li><a>...<\/a><\/li>\n\n\n\n<li><a href='?page_no=36618'>36618<\/a><\/li>\n\n\n\n<li><a href='?page_no=36619'>36619<\/a><\/li>\n\n    \n\t\n\n<li >\n\t<a href='?page_no=20281'>Next<\/a>\n\t<\/li>\n\n\n    \n\n<li><a href='?page_no=36619'>Last &rsaquo;&rsaquo;<\/a><\/li>\n\n<\/ul>\n\n\n--><br \/>\n<\/body><\/p>\n","protected":false},"excerpt":{"rendered":"<p>Juan Dolio, SPM, RD, 22 de Junio.-El Comit\u00e9 Ol\u00edmpico Dominicano (COD), reiter\u00f3 su apoyo al desarrollo del movimiento paral\u00edmpico en la Rep\u00fablica Dominicana. La manifestaci\u00f3n de respaldo fue garantizado por Luis Mej\u00eda y Antonio Acosta, presidente y secretario general del COD, respectivamente, al asistir a la apertura del primer Taller Sobre Planificaci\u00f3n Estrat\u00e9gica y de [&hellip;]<\/p>\n","protected":false},"author":3,"featured_media":0,"comment_status":"open","ping_status":"open","sticky":false,"template":"","format":"standard","meta":{"footnotes":""},"categories":[17],"tags":[],"class_list":["post-213170","post","type-post","status-publish","format-standard","hentry","category-deportes"],"_links":{"self":[{"href":"https:\/\/diariodominicano.com\/index.php?rest_route=\/wp\/v2\/posts\/213170","targetHints":{"allow":["GET"]}}],"collection":[{"href":"https:\/\/diariodominicano.com\/index.php?rest_route=\/wp\/v2\/posts"}],"about":[{"href":"https:\/\/diariodominicano.com\/index.php?rest_route=\/wp\/v2\/types\/post"}],"author":[{"embeddable":true,"href":"https:\/\/diariodominicano.com\/index.php?rest_route=\/wp\/v2\/users\/3"}],"replies":[{"embeddable":true,"href":"https:\/\/diariodominicano.com\/index.php?rest_route=%2Fwp%2Fv2%2Fcomments&post=213170"}],"version-history":[{"count":0,"href":"https:\/\/diariodominicano.com\/index.php?rest_route=\/wp\/v2\/posts\/213170\/revisions"}],"wp:attachment":[{"href":"https:\/\/diariodominicano.com\/index.php?rest_route=%2Fwp%2Fv2%2Fmedia&parent=213170"}],"wp:term":[{"taxonomy":"category","embeddable":true,"href":"https:\/\/diariodominicano.com\/index.php?rest_route=%2Fwp%2Fv2%2Fcategories&post=213170"},{"taxonomy":"post_tag","embeddable":true,"href":"https:\/\/diariodominicano.com\/index.php?rest_route=%2Fwp%2Fv2%2Ftags&post=213170"}],"curies":[{"name":"wp","href":"https:\/\/api.w.org\/{rel}","templated":true}]}}