{"id":213169,"date":"2013-06-22T19:11:57","date_gmt":"2013-06-22T19:11:57","guid":{"rendered":"http:\/\/diariodominicano.ddns.net\/?p=213169"},"modified":"2013-06-22T19:11:57","modified_gmt":"2013-06-22T19:11:57","slug":"pesistas-dominicanos-a-panamericano-en-venezuela","status":"publish","type":"post","link":"https:\/\/diariodominicano.com\/?p=213169","title":{"rendered":"Pesistas dominicanos a Panamericano en Venezuela"},"content":{"rendered":"<p><body><\/p>\n<p><span class=\"text1noticias\">Santo Domingo, 22 jun (PL) Unos 15 atletas de las selecciones masculina y femenina de levantamiento de pesas viajaron a Venezuela para participar en el Campeonato Panamericano de la disciplina, cuya inauguraci\u00f3n tendr\u00e1 lugar el venidero lunes.<\/span><\/p>\n<\/p>\n<p><span class=\"text1noticias\">Seg\u00fan un reporte online del diario List\u00edn, la delegaci\u00f3n de esta naci\u00f3n caribe\u00f1a, integrada adem\u00e1s por \u00e1rbitros, entrenadores, t\u00e9cnicos, un fisioterapeuta y una sic\u00f3loga, la encabeza William Ozuna, presidente de la Federaci\u00f3n Dominicana de Pesas y titular de la Confederaci\u00f3n Panamericana de este deporte.<\/span><\/p>\n<\/p>\n<p><span class=\"text1noticias\">En declaraciones a la prensa, Ozuna y el jefe de los entrenadores, F\u00e9lix Ogando, precisaron que la meta es clasificar a seis femeninas y a cinco hombres para los venideros Juegos Centroamericanos y del Caribe, a celebrarse en 2014 en la ciudad mexicana de Veracruz.<\/span><\/p>\n<\/p>\n<p><span class=\"text1noticias\">Ozuna precis\u00f3 que las plazas que obtenga el pa\u00eds en esta competencia permitir\u00e1 acumular puntos para los Juegos Panamericanos de 2015, con sede en la ciudad canadiense de Toronto, boletos que se definir\u00e1n el a\u00f1o pr\u00f3ximo durante el Panamericano de Pesas, en Santo Domingo, Rep\u00fablica Dominicana.<\/span><\/p>\n<\/p>\n<p><span class=\"text1noticias\">Entre los atletas dominicanos figuran las f\u00e9minas Yudelkis Contreras y Beatriz Pir\u00f3n Candelario, favoritas para ganar el oro en 53 y 48 kilogramos, respectivamente.<\/span><\/p>\n<\/p>\n<p><span class=\"text1noticias\">Otra de las que m\u00e1s posibilidades tiene de alzarse con el t\u00edtulo panamericano es Yineisy Reyes, en la divisi\u00f3n de 58 kilogramos, a la que se suma la joven promesa C\u00e1ndida V\u00e1squez, en 48, mientras Juan Pe\u00f1a, en 77, sobresale como el m\u00e1s veterano de la delegaci\u00f3n.<\/span><\/p>\n<\/p>\n<p><span class=\"text1noticias\">El estado venezolano de Nueva Esparta acoger\u00e1, desde el pr\u00f3ximo lunes y hasta el 30 del presente mes, el m\u00e1ximo evento de la halterofilia en la zona de las Am\u00e9ricas, que contar\u00e1 con la presencia de representantes de 22 pa\u00edses.(HG)<\/span>.<\/p>\n<h6> 2013-06-22 19:11:57 <\/h6>\n<p><!--\n<link rel=\"stylesheet\" href=\"css\/bootstrap.min.css\">\n\n\n<ul class=\"pagination\">\n\t    \n\t\n\n<li >\n\t<a href='?page_no=20278'>Previous<\/a>\n\t<\/li>\n\n\n       \n    \n\n<li><a href='?page_no=1'>1<\/a><\/li>\n\n\n\n<li><a href='?page_no=2'>2<\/a><\/li>\n\n\n\n<li><a>...<\/a><\/li>\n\n\n\n<li><a href='?page_no=20277'>20277<\/a><\/li>\n\n\n\n<li><a href='?page_no=20278'>20278<\/a><\/li>\n\n\n\n<li class='active'><a>20279<\/a><\/li>\n\n\n\n<li><a href='?page_no=20280'>20280<\/a><\/li>\n\n\n\n<li><a href='?page_no=20281'>20281<\/a><\/li>\n\n\n\n<li><a>...<\/a><\/li>\n\n\n\n<li><a href='?page_no=36618'>36618<\/a><\/li>\n\n\n\n<li><a href='?page_no=36619'>36619<\/a><\/li>\n\n    \n\t\n\n<li >\n\t<a href='?page_no=20280'>Next<\/a>\n\t<\/li>\n\n\n    \n\n<li><a href='?page_no=36619'>Last &rsaquo;&rsaquo;<\/a><\/li>\n\n<\/ul>\n\n\n--><br \/>\n<\/body><\/p>\n","protected":false},"excerpt":{"rendered":"<p>Santo Domingo, 22 jun (PL) Unos 15 atletas de las selecciones masculina y femenina de levantamiento de pesas viajaron a Venezuela para participar en el Campeonato Panamericano de la disciplina, cuya inauguraci\u00f3n tendr\u00e1 lugar el venidero lunes. Seg\u00fan un reporte online del diario List\u00edn, la delegaci\u00f3n de esta naci\u00f3n caribe\u00f1a, integrada adem\u00e1s por \u00e1rbitros, entrenadores, [&hellip;]<\/p>\n","protected":false},"author":3,"featured_media":0,"comment_status":"open","ping_status":"open","sticky":false,"template":"","format":"standard","meta":{"footnotes":""},"categories":[17],"tags":[],"class_list":["post-213169","post","type-post","status-publish","format-standard","hentry","category-deportes"],"_links":{"self":[{"href":"https:\/\/diariodominicano.com\/index.php?rest_route=\/wp\/v2\/posts\/213169","targetHints":{"allow":["GET"]}}],"collection":[{"href":"https:\/\/diariodominicano.com\/index.php?rest_route=\/wp\/v2\/posts"}],"about":[{"href":"https:\/\/diariodominicano.com\/index.php?rest_route=\/wp\/v2\/types\/post"}],"author":[{"embeddable":true,"href":"https:\/\/diariodominicano.com\/index.php?rest_route=\/wp\/v2\/users\/3"}],"replies":[{"embeddable":true,"href":"https:\/\/diariodominicano.com\/index.php?rest_route=%2Fwp%2Fv2%2Fcomments&post=213169"}],"version-history":[{"count":0,"href":"https:\/\/diariodominicano.com\/index.php?rest_route=\/wp\/v2\/posts\/213169\/revisions"}],"wp:attachment":[{"href":"https:\/\/diariodominicano.com\/index.php?rest_route=%2Fwp%2Fv2%2Fmedia&parent=213169"}],"wp:term":[{"taxonomy":"category","embeddable":true,"href":"https:\/\/diariodominicano.com\/index.php?rest_route=%2Fwp%2Fv2%2Fcategories&post=213169"},{"taxonomy":"post_tag","embeddable":true,"href":"https:\/\/diariodominicano.com\/index.php?rest_route=%2Fwp%2Fv2%2Ftags&post=213169"}],"curies":[{"name":"wp","href":"https:\/\/api.w.org\/{rel}","templated":true}]}}