{"id":213164,"date":"2013-06-23T15:36:11","date_gmt":"2013-06-23T15:36:11","guid":{"rendered":"http:\/\/diariodominicano.ddns.net\/?p=213164"},"modified":"2013-06-23T15:36:11","modified_gmt":"2013-06-23T15:36:11","slug":"salcedo-la-salle-y-sordos-ganan-futbol-y-softbol-festival-diversidad","status":"publish","type":"post","link":"https:\/\/diariodominicano.com\/?p=213164","title":{"rendered":"Salcedo, La Salle y Sordos ganan f\u00fatbol y softbol Festival Diversidad"},"content":{"rendered":"<p><body><\/p>\n<p><img decoding=\"async\" src=\"img3\/Atletas.jpg\" \/>  <\/p>\n<p><span class=\"text1noticias\">Santo Domingo, RD, 23 de Junio.-En una jornada sabatina en que las distintas delegaciones con diferentes discapacidades compartieron y compitieron de manera armoniosa y haciendo valer sus derechos de iguales en la sociedad, los equipos de Salcedo y La Salle de la Capital se coronaron campeones en f\u00fatbol, y la Asociaci\u00f3n Nacional de Sordos (ANSORDO) se llev\u00f3 los lauros softbol del Festival de la Diversidad, que organiza el Ministerio de Deportes.<\/span><\/p>\n<\/p>\n<p><span class=\"text1noticias\">Salcedo, provincia Hermanas Mirabal, se llev\u00f3 la primac\u00eda en el f\u00fatbol juvenil, con Pedro Brand de la Provincia Santo Domingo en segundo y Ojo de  Agua (Hermanas Mirabal), en tercero cuyo Comit\u00e9 Organizador preside la Primera Dama de la Rep\u00fablica, licenciada Candy Montilla de Medina.<\/span><\/p>\n<\/p>\n<p><span class=\"text1noticias\">El f\u00fatbol juvenil, La Salle obtuvo la medalla de oro, Pedro Brand se llev\u00f3 su segunda de plata y Villa Mella se adjudic\u00f3 la de bronce en el evento  que se disputa en el Centro Ol\u00edmpico Juan Pablo Duarte, Distrito Nacional, con participaci\u00f3n de entidades como ANSORDO, Olimpiadas Especiales, de Discapacidad Motoras.<\/span><\/p>\n<\/p>\n<p><span class=\"text1noticias\">En softbol masculino, el conjunto de ANSORDO se llev\u00f3 el primer lugar al vencer por diferencia de una carrera (17-16) al de Olimpiadas Especiales, luego de una divisi\u00f3n de honores, que se qued\u00f3 con el subcampeonato y cuyas medallas fueron entregadas por Jos\u00e9 Luis Suero, vicepresidente del Comit\u00e9 Organizador.<\/span><\/p>\n<\/p>\n<p><span class=\"text1noticias\">El de la Asociaci\u00f3n de Sordos se llev\u00f3 el  primer partido 12-6 carreras, pero Olimpiadas Especiales ripost\u00f3 9-5. Miguel Grull\u00f3n dio cinco imparables, con tres anotadas y una producida por los campeones; Daniel David dos hits, tres anotadas; Paulo P\u00e9rez dos hits, anot\u00f3 tres y remolc\u00f3 dos carreras; Bismark El\u00edas dos de una base, impuls\u00f3 dos; Por Olimp\u00edadas Especiales, Jeferson S\u00e1nchez tres de una base, Junior Chalas y Edinson Veloz dos, Luis Conce un jonr\u00f3n.<\/span><\/p>\n<\/p>\n<p><span class=\"text1noticias\">Campeones Atletismo<\/span><\/p>\n<\/p>\n<p><span class=\"text1noticias\">Juan Carlos Ceballos se llev\u00f3 el oro en la competici\u00f3n de 100 metros de atletas especiales. Alexander Rodr\u00edguez conquist\u00f3 la medalla de plata y Luis Enrique Guzm\u00e1n en tercero.<\/span><\/p>\n<\/p>\n<p><span class=\"text1noticias\">En salto lago se coron\u00f3 campe\u00f3n Miguel \u00c1ngel Acevedo S\u00e1nchez, con V{ictor Soriano como subcampe\u00f3n.<\/span><\/p>\n<\/p>\n<p><span class=\"text1noticias\">El s\u00e1bado se realizaba la competici\u00f3n de nataci\u00f3n y este domingo culmina el  Festival de la Diversidad con las pruebas en baloncesto y voleibol y otras actividades.(HG)<\/span>.<\/p>\n<h6> 2013-06-23 15:36:11 <\/h6>\n<p><!--\n<link rel=\"stylesheet\" href=\"css\/bootstrap.min.css\">\n\n\n<ul class=\"pagination\">\n\t    \n\t\n\n<li >\n\t<a href='?page_no=20273'>Previous<\/a>\n\t<\/li>\n\n\n       \n    \n\n<li><a href='?page_no=1'>1<\/a><\/li>\n\n\n\n<li><a href='?page_no=2'>2<\/a><\/li>\n\n\n\n<li><a>...<\/a><\/li>\n\n\n\n<li><a href='?page_no=20272'>20272<\/a><\/li>\n\n\n\n<li><a href='?page_no=20273'>20273<\/a><\/li>\n\n\n\n<li class='active'><a>20274<\/a><\/li>\n\n\n\n<li><a href='?page_no=20275'>20275<\/a><\/li>\n\n\n\n<li><a href='?page_no=20276'>20276<\/a><\/li>\n\n\n\n<li><a>...<\/a><\/li>\n\n\n\n<li><a href='?page_no=36618'>36618<\/a><\/li>\n\n\n\n<li><a href='?page_no=36619'>36619<\/a><\/li>\n\n    \n\t\n\n<li >\n\t<a href='?page_no=20275'>Next<\/a>\n\t<\/li>\n\n\n    \n\n<li><a href='?page_no=36619'>Last &rsaquo;&rsaquo;<\/a><\/li>\n\n<\/ul>\n\n\n--><br \/>\n<\/body><\/p>\n","protected":false},"excerpt":{"rendered":"<p>Santo Domingo, RD, 23 de Junio.-En una jornada sabatina en que las distintas delegaciones con diferentes discapacidades compartieron y compitieron de manera armoniosa y haciendo valer sus derechos de iguales en la sociedad, los equipos de Salcedo y La Salle de la Capital se coronaron campeones en f\u00fatbol, y la Asociaci\u00f3n Nacional de Sordos (ANSORDO) [&hellip;]<\/p>\n","protected":false},"author":3,"featured_media":0,"comment_status":"open","ping_status":"open","sticky":false,"template":"","format":"standard","meta":{"footnotes":""},"categories":[17],"tags":[],"class_list":["post-213164","post","type-post","status-publish","format-standard","hentry","category-deportes"],"_links":{"self":[{"href":"https:\/\/diariodominicano.com\/index.php?rest_route=\/wp\/v2\/posts\/213164","targetHints":{"allow":["GET"]}}],"collection":[{"href":"https:\/\/diariodominicano.com\/index.php?rest_route=\/wp\/v2\/posts"}],"about":[{"href":"https:\/\/diariodominicano.com\/index.php?rest_route=\/wp\/v2\/types\/post"}],"author":[{"embeddable":true,"href":"https:\/\/diariodominicano.com\/index.php?rest_route=\/wp\/v2\/users\/3"}],"replies":[{"embeddable":true,"href":"https:\/\/diariodominicano.com\/index.php?rest_route=%2Fwp%2Fv2%2Fcomments&post=213164"}],"version-history":[{"count":0,"href":"https:\/\/diariodominicano.com\/index.php?rest_route=\/wp\/v2\/posts\/213164\/revisions"}],"wp:attachment":[{"href":"https:\/\/diariodominicano.com\/index.php?rest_route=%2Fwp%2Fv2%2Fmedia&parent=213164"}],"wp:term":[{"taxonomy":"category","embeddable":true,"href":"https:\/\/diariodominicano.com\/index.php?rest_route=%2Fwp%2Fv2%2Fcategories&post=213164"},{"taxonomy":"post_tag","embeddable":true,"href":"https:\/\/diariodominicano.com\/index.php?rest_route=%2Fwp%2Fv2%2Ftags&post=213164"}],"curies":[{"name":"wp","href":"https:\/\/api.w.org\/{rel}","templated":true}]}}