{"id":213163,"date":"2013-06-23T15:40:31","date_gmt":"2013-06-23T15:40:31","guid":{"rendered":"http:\/\/diariodominicano.ddns.net\/?p=213163"},"modified":"2013-06-23T15:40:31","modified_gmt":"2013-06-23T15:40:31","slug":"heredia-llama-fomentar-el-medio-ambiente-en-jornada-de-reforestacion","status":"publish","type":"post","link":"https:\/\/diariodominicano.com\/?p=213163","title":{"rendered":"Heredia llama fomentar el medio ambiente en jornada de reforestaci\u00f3n"},"content":{"rendered":"<p><body><\/p>\n<p><img decoding=\"async\" src=\"http:\/\/localhost:8080\/img3\/reforestaci%C3%83%C2%B3n.JPG\" \/>  <\/p>\n<p><span class=\"text1noticias\">La Vega, RD, 23 de Junio.-La licenciada Felicita Heredia, directora del programa Deporte y Medio Ambiente del Comit\u00e9 Ol\u00edmpico Dominicano (COD), llam\u00f3 a fomentar un ambiente sano durante la jornada de reforestaci\u00f3n realizada en esta ciudad.<\/span><\/p>\n<\/p>\n<p><span class=\"text1noticias\">La jornada de reforestaci\u00f3n form\u00f3 parte del programa de actividades que se llev\u00f3 a cabo con motivo de la celebraci\u00f3n del 119 aniversario del Comit\u00e9 Ol\u00edmpico Internacional (COI).<\/span><\/p>\n<\/p>\n<p><span class=\"text1noticias\">\u00abEs importante tratar de fomentar un ambiente sano, preservar los r\u00edos, monta\u00f1as y que sea el principio para lograr un futuro mejor\u00bb, indic\u00f3 Heredia durante la ceremonia de apertura de la jornada de reforestaci\u00f3n llevada a cabo en la Comunidad Arenoso, de La Vega.<\/span><\/p>\n<\/p>\n<p><span class=\"text1noticias\">En la actividad, Enrique Ram\u00edrez, presidente del comit\u00e9 organizador de la Caminata Ol\u00edmpica, manifest\u00f3 que \u00abes una responsabilidad de La Vega preservar el medio ambiente y el futuro de la provincia\u00bb.<\/span><\/p>\n<\/p>\n<p><span class=\"text1noticias\">El alcalde municipal, Alexis P\u00e9rez, dijo que la gesti\u00f3n que encabeza es aliada tanto del medio ambiente como del deporte, al apoyar y resaltar la iniciativa del COD.<\/span><\/p>\n<\/p>\n<p><span class=\"text1noticias\">\u00abHemos desarrollado programas de desarrollo a favor del medio ambiente, y actividades como esta siempre contar\u00e1n con nuestro respaldo\u00bb, indic\u00f3 P\u00e9rez.<\/span><\/p>\n<\/p>\n<p><span class=\"text1noticias\">El vegano Luis L\u00f3pez, vocal del COD y miembro del comit\u00e9 organizador de la Caminata, resalt\u00f3 la integraci\u00f3n de la juventud y las actividades con motivo del aniversario del COI.<\/span><\/p>\n<\/p>\n<p><span class=\"text1noticias\">\u00abEs un d\u00eda hist\u00f3rico, el Comit\u00e9 Ol\u00edmpico se ha hecho sentir con llevar a cabo estipo de actividad a diferentes pueblos del pa\u00eds\u00bb, dijo L\u00f3pez.<\/span><\/p>\n<\/p>\n<p><span class=\"text1noticias\">La jornada de reforestaci\u00f3n fue la primera actividad que dio inicio al programa de actividades de la Caminata Ol\u00edmpica en la ciudad de La Vega.<\/span><\/p>\n<\/p>\n<p><span class=\"text1noticias\">Cientos de \u00e1rboles fueron sembrados por ni\u00f1os, j\u00f3venes, estudiantes universitarios, as\u00ed como por atletas de las diferentes asociaciones, ligas y clubes de la ciudad.<\/span><\/p>\n<\/p>\n<p><span class=\"text1noticias\">Tambi\u00e9n se dieron cita Andr\u00e9s Rodr\u00edguez, Gobernador; Porfirio Veras, del comit\u00e9 organizador de la caminata, as\u00ed como Juan Vila, vicepresidente del COD, y Francisco Peguero, presidente de la Uni\u00f3n Deportiva Vegana.(HG)<\/span>.<\/p>\n<h6> 2013-06-23 15:40:31 <\/h6>\n<p><!--\n<link rel=\"stylesheet\" href=\"css\/bootstrap.min.css\">\n\n\n<ul class=\"pagination\">\n\t    \n\t\n\n<li >\n\t<a href='?page_no=20272'>Previous<\/a>\n\t<\/li>\n\n\n       \n    \n\n<li><a href='?page_no=1'>1<\/a><\/li>\n\n\n\n<li><a href='?page_no=2'>2<\/a><\/li>\n\n\n\n<li><a>...<\/a><\/li>\n\n\n\n<li><a href='?page_no=20271'>20271<\/a><\/li>\n\n\n\n<li><a href='?page_no=20272'>20272<\/a><\/li>\n\n\n\n<li class='active'><a>20273<\/a><\/li>\n\n\n\n<li><a href='?page_no=20274'>20274<\/a><\/li>\n\n\n\n<li><a href='?page_no=20275'>20275<\/a><\/li>\n\n\n\n<li><a>...<\/a><\/li>\n\n\n\n<li><a href='?page_no=36618'>36618<\/a><\/li>\n\n\n\n<li><a href='?page_no=36619'>36619<\/a><\/li>\n\n    \n\t\n\n<li >\n\t<a href='?page_no=20274'>Next<\/a>\n\t<\/li>\n\n\n    \n\n<li><a href='?page_no=36619'>Last &rsaquo;&rsaquo;<\/a><\/li>\n\n<\/ul>\n\n\n--><br \/>\n<\/body><\/p>\n","protected":false},"excerpt":{"rendered":"<p>La Vega, RD, 23 de Junio.-La licenciada Felicita Heredia, directora del programa Deporte y Medio Ambiente del Comit\u00e9 Ol\u00edmpico Dominicano (COD), llam\u00f3 a fomentar un ambiente sano durante la jornada de reforestaci\u00f3n realizada en esta ciudad. La jornada de reforestaci\u00f3n form\u00f3 parte del programa de actividades que se llev\u00f3 a cabo con motivo de la [&hellip;]<\/p>\n","protected":false},"author":3,"featured_media":0,"comment_status":"open","ping_status":"open","sticky":false,"template":"","format":"standard","meta":{"footnotes":""},"categories":[17],"tags":[],"class_list":["post-213163","post","type-post","status-publish","format-standard","hentry","category-deportes"],"_links":{"self":[{"href":"https:\/\/diariodominicano.com\/index.php?rest_route=\/wp\/v2\/posts\/213163","targetHints":{"allow":["GET"]}}],"collection":[{"href":"https:\/\/diariodominicano.com\/index.php?rest_route=\/wp\/v2\/posts"}],"about":[{"href":"https:\/\/diariodominicano.com\/index.php?rest_route=\/wp\/v2\/types\/post"}],"author":[{"embeddable":true,"href":"https:\/\/diariodominicano.com\/index.php?rest_route=\/wp\/v2\/users\/3"}],"replies":[{"embeddable":true,"href":"https:\/\/diariodominicano.com\/index.php?rest_route=%2Fwp%2Fv2%2Fcomments&post=213163"}],"version-history":[{"count":0,"href":"https:\/\/diariodominicano.com\/index.php?rest_route=\/wp\/v2\/posts\/213163\/revisions"}],"wp:attachment":[{"href":"https:\/\/diariodominicano.com\/index.php?rest_route=%2Fwp%2Fv2%2Fmedia&parent=213163"}],"wp:term":[{"taxonomy":"category","embeddable":true,"href":"https:\/\/diariodominicano.com\/index.php?rest_route=%2Fwp%2Fv2%2Fcategories&post=213163"},{"taxonomy":"post_tag","embeddable":true,"href":"https:\/\/diariodominicano.com\/index.php?rest_route=%2Fwp%2Fv2%2Ftags&post=213163"}],"curies":[{"name":"wp","href":"https:\/\/api.w.org\/{rel}","templated":true}]}}