{"id":213159,"date":"2013-06-24T16:28:08","date_gmt":"2013-06-24T16:28:08","guid":{"rendered":"http:\/\/diariodominicano.ddns.net\/?p=213159"},"modified":"2013-06-24T16:28:08","modified_gmt":"2013-06-24T16:28:08","slug":"ganador-de-maraton-de-boston-dona-medalla","status":"publish","type":"post","link":"https:\/\/diariodominicano.com\/?p=213159","title":{"rendered":"Ganador de marat\u00f3n de Boston dona medalla"},"content":{"rendered":"<p><body><\/p>\n<p><img decoding=\"async\" src=\"img3\/medalla 24.jpg\" \/>  <\/p>\n<p>Boston 24 junio.-  El campe\u00f3n del marat\u00f3n de Boston devolvi\u00f3 el domingo su medalla al alcalde Thomas Menino en homenaje a la ciudad y a las v\u00edctimas del ataque durante la tradicional competencia atl\u00e9tica.<\/p>\n<\/p>\n<p>\u00abEl deporte tiene el poder de unificar y conectar a todos los pueblos del mundo\u00bb, dijo Lelisa Desisa, de Etiop\u00eda, por medio de un int\u00e9rprete. \u00abEl deporte no deber\u00eda usarse jam\u00e1s como campo de batalla\u00bb.<\/p>\n<\/p>\n<p>M\u00e1s de 6.400 corredores se congregaron para competir en la carrera de 10 kil\u00f3metros organizada por la Asociaci\u00f3n Atl\u00e9tica de Boston, la misma organizaci\u00f3n sin fines de lucro que administra el marat\u00f3n anual. Las plazas para la carrera del domingo se agotaron en trece horas en l\u00ednea.<\/p>\n<\/p>\n<p>\u00abPerm\u00edtanme que les diga: como alcalde de esta gran ciudad en los \u00faltimos a\u00f1os, nunca he visto a Boston tan unida como despu\u00e9s de los ataques\u00bb, dijo Menino a la multitud. \u00abGracias a ustedes por hacer m\u00e1s fuerte a Boston\u00bb.<\/p>\n<\/p>\n<p>Un momento de silencio rindi\u00f3 homenaje a las tres v\u00edctimas del ataque del 15 de abril y a Sean Coller, el polic\u00eda del Instituto Tecnol\u00f3gico de Massachusetts que fue muerto a tiros el 18 de abril en la cacer\u00eda de los sospechosos.<\/p>\n<h6> 2013-06-24 16:28:08 <\/h6>\n<p><!--\n<link rel=\"stylesheet\" href=\"css\/bootstrap.min.css\">\n\n\n<ul class=\"pagination\">\n\t    \n\t\n\n<li >\n\t<a href='?page_no=20268'>Previous<\/a>\n\t<\/li>\n\n\n       \n    \n\n<li><a href='?page_no=1'>1<\/a><\/li>\n\n\n\n<li><a href='?page_no=2'>2<\/a><\/li>\n\n\n\n<li><a>...<\/a><\/li>\n\n\n\n<li><a href='?page_no=20267'>20267<\/a><\/li>\n\n\n\n<li><a href='?page_no=20268'>20268<\/a><\/li>\n\n\n\n<li class='active'><a>20269<\/a><\/li>\n\n\n\n<li><a href='?page_no=20270'>20270<\/a><\/li>\n\n\n\n<li><a href='?page_no=20271'>20271<\/a><\/li>\n\n\n\n<li><a>...<\/a><\/li>\n\n\n\n<li><a href='?page_no=36618'>36618<\/a><\/li>\n\n\n\n<li><a href='?page_no=36619'>36619<\/a><\/li>\n\n    \n\t\n\n<li >\n\t<a href='?page_no=20270'>Next<\/a>\n\t<\/li>\n\n\n    \n\n<li><a href='?page_no=36619'>Last &rsaquo;&rsaquo;<\/a><\/li>\n\n<\/ul>\n\n\n--><br \/>\n<\/body><\/p>\n","protected":false},"excerpt":{"rendered":"<p>Boston 24 junio.- El campe\u00f3n del marat\u00f3n de Boston devolvi\u00f3 el domingo su medalla al alcalde Thomas Menino en homenaje a la ciudad y a las v\u00edctimas del ataque durante la tradicional competencia atl\u00e9tica. \u00abEl deporte tiene el poder de unificar y conectar a todos los pueblos del mundo\u00bb, dijo Lelisa Desisa, de Etiop\u00eda, por [&hellip;]<\/p>\n","protected":false},"author":3,"featured_media":0,"comment_status":"open","ping_status":"open","sticky":false,"template":"","format":"standard","meta":{"footnotes":""},"categories":[17],"tags":[],"class_list":["post-213159","post","type-post","status-publish","format-standard","hentry","category-deportes"],"_links":{"self":[{"href":"https:\/\/diariodominicano.com\/index.php?rest_route=\/wp\/v2\/posts\/213159","targetHints":{"allow":["GET"]}}],"collection":[{"href":"https:\/\/diariodominicano.com\/index.php?rest_route=\/wp\/v2\/posts"}],"about":[{"href":"https:\/\/diariodominicano.com\/index.php?rest_route=\/wp\/v2\/types\/post"}],"author":[{"embeddable":true,"href":"https:\/\/diariodominicano.com\/index.php?rest_route=\/wp\/v2\/users\/3"}],"replies":[{"embeddable":true,"href":"https:\/\/diariodominicano.com\/index.php?rest_route=%2Fwp%2Fv2%2Fcomments&post=213159"}],"version-history":[{"count":0,"href":"https:\/\/diariodominicano.com\/index.php?rest_route=\/wp\/v2\/posts\/213159\/revisions"}],"wp:attachment":[{"href":"https:\/\/diariodominicano.com\/index.php?rest_route=%2Fwp%2Fv2%2Fmedia&parent=213159"}],"wp:term":[{"taxonomy":"category","embeddable":true,"href":"https:\/\/diariodominicano.com\/index.php?rest_route=%2Fwp%2Fv2%2Fcategories&post=213159"},{"taxonomy":"post_tag","embeddable":true,"href":"https:\/\/diariodominicano.com\/index.php?rest_route=%2Fwp%2Fv2%2Ftags&post=213159"}],"curies":[{"name":"wp","href":"https:\/\/api.w.org\/{rel}","templated":true}]}}