{"id":213156,"date":"2013-06-24T20:14:10","date_gmt":"2013-06-24T20:14:10","guid":{"rendered":"http:\/\/diariodominicano.ddns.net\/?p=213156"},"modified":"2013-06-24T20:14:10","modified_gmt":"2013-06-24T20:14:10","slug":"azua-domino-estilo-greco-juvenil-y-cadete-de-lucha","status":"publish","type":"post","link":"https:\/\/diariodominicano.com\/?p=213156","title":{"rendered":"Azua domin\u00f3 estilo greco juvenil y cadete de lucha&#13;"},"content":{"rendered":"<p><body><\/p>\n<p><img decoding=\"async\" src=\"img3\/lucha.jpg\" \/>  <\/p>\n<p><span class=\"text1noticias\">Santo Domingo, RD, 24 de Junio.-La selecci\u00f3n de Azua ocup\u00f3 el primer lugar en el estilo greco 15-17 a\u00f1os en la primera jornada del XXIV campeonato de cadetes y juvenil de lucha que se celebra en el Centro Ol\u00edmpico.<\/span><\/p>\n<\/p>\n<p><span class=\"text1noticias\">Los luchadores azuanos acumularon un total de 32 puntos del campeonato, cuya ceremonia de apertura se llev\u00f3 a cabo ayer domingo.<\/span><\/p>\n<\/p>\n<p><span class=\"text1noticias\">El segundo lugar, con 21 puntos, correspondi\u00f3 a la representaci\u00f3n de San Francisco de Macor\u00eds, mientras que Bayaguana, con 16 tantos, logr\u00f3 el tercer pelda\u00f1o.<\/span><\/p>\n<\/p>\n<p><span class=\"text1noticias\">Con 13 puntos, Neyba se adue\u00f1\u00f3 del cuarto lugar, en tanto que el equipo de Mao, con ocho tantos, se qued\u00f3 en el quinto puesto.<\/span><\/p>\n<\/p>\n<p><span class=\"text1noticias\">Antonio Acosta, presidente de la Federaci\u00f3n Dominicana de Lucha, se\u00f1al\u00f3 que el campeonato forma parte del programa de desarrollo de la entidad que dirige y que el objetivo es buscar mejores resultados.<\/span><\/p>\n<\/p>\n<p><span class=\"text1noticias\">??En estos primeros seis meses de a\u00f1o hemos cumplido con todas las actividades programadas. Hay que invertir en el deporte para continuar con su desarrollo??, indic\u00f3 Acosta.<\/span><\/p>\n<\/p>\n<p><span class=\"text1noticias\">La exhortaci\u00f3n ol\u00edmpica estuvo a cargo de Luis Mej\u00eda, presidente del Comit\u00e9 Ol\u00edmpico Dominicano, quien valor\u00f3 el esfuerzo de la federaci\u00f3n de lucho para impulsar ese deporte, al tiempo de solicitar a los atletas no alejarse de los estudios.<\/span><\/p>\n<\/p>\n<p><span class=\"text1noticias\">Mientras, el viceministro de Deportes, Soterio Ram\u00edrez, reconoci\u00f3 el trabajo que viene realizando la federaci\u00f3n de lucha e indic\u00f3 que los j\u00f3venes tienen derecho a un mejor futuro.<\/span><\/p>\n<\/p>\n<p><span class=\"text1noticias\">En algunos combates individuales, Renny Cuevas, de Azua, gan\u00f3 el oro en cadete 128 libras al derrotar a Jos\u00e9 M. Moreno, de Bonao, quien se qued\u00f3 con la plata. En 138 libras, triunf\u00f3 Nelson de los Santos, de Azua, al venver a Wascar Jim\u00e9nez, de Neyba.<\/span><\/p>\n<\/p>\n<p><span class=\"text1noticias\">Leonel David P\u00e9rez, de Neyba, se impuso en 101 libras, ante Yoelin Rivera, de Azua.<\/span><\/p>\n<\/p>\n<p><span class=\"text1noticias\">En la categor\u00eda juvenil greco 50 kilos, Jefry Reynoso, de San Francisco de Macor\u00eds, logr\u00f3 el oro al superar a Jefry Guzm\u00e1n, de Azua.<\/span><\/p>\n<\/p>\n<p><span class=\"text1noticias\">En los 55 kilos, gan\u00f3 Miguel Reyes Pineda, de la selecci\u00f3n nacional, quien super\u00f3 a Junior Manuel Fern\u00e1ndez, de San Francisco de Macor\u00eds.<\/span><\/p>\n<\/p>\n<p><span class=\"text1noticias\">\u00c1ngel Feliciano, de la selecci\u00f3n nacional, le gan\u00f3 en la categor\u00eda 60 kilos, a Darwin E. P\u00e9rez, de San Francisco de Macor\u00eds, y Manuel de Jes\u00fas Paula, de Santo Domingo, se impuso en los 84 kilos al vencer a Darwin Alexander de Jes\u00fas, de San Francisco de Macor\u00eds.(HG)<\/span>.<\/p>\n<h6> 2013-06-24 20:14:10 <\/h6>\n<p><!--\n<link rel=\"stylesheet\" href=\"css\/bootstrap.min.css\">\n\n\n<ul class=\"pagination\">\n\t    \n\t\n\n<li >\n\t<a href='?page_no=20265'>Previous<\/a>\n\t<\/li>\n\n\n       \n    \n\n<li><a href='?page_no=1'>1<\/a><\/li>\n\n\n\n<li><a href='?page_no=2'>2<\/a><\/li>\n\n\n\n<li><a>...<\/a><\/li>\n\n\n\n<li><a href='?page_no=20264'>20264<\/a><\/li>\n\n\n\n<li><a href='?page_no=20265'>20265<\/a><\/li>\n\n\n\n<li class='active'><a>20266<\/a><\/li>\n\n\n\n<li><a href='?page_no=20267'>20267<\/a><\/li>\n\n\n\n<li><a href='?page_no=20268'>20268<\/a><\/li>\n\n\n\n<li><a>...<\/a><\/li>\n\n\n\n<li><a href='?page_no=36618'>36618<\/a><\/li>\n\n\n\n<li><a href='?page_no=36619'>36619<\/a><\/li>\n\n    \n\t\n\n<li >\n\t<a href='?page_no=20267'>Next<\/a>\n\t<\/li>\n\n\n    \n\n<li><a href='?page_no=36619'>Last &rsaquo;&rsaquo;<\/a><\/li>\n\n<\/ul>\n\n\n--><br \/>\n<\/body><\/p>\n","protected":false},"excerpt":{"rendered":"<p>Santo Domingo, RD, 24 de Junio.-La selecci\u00f3n de Azua ocup\u00f3 el primer lugar en el estilo greco 15-17 a\u00f1os en la primera jornada del XXIV campeonato de cadetes y juvenil de lucha que se celebra en el Centro Ol\u00edmpico. Los luchadores azuanos acumularon un total de 32 puntos del campeonato, cuya ceremonia de apertura se [&hellip;]<\/p>\n","protected":false},"author":3,"featured_media":0,"comment_status":"open","ping_status":"open","sticky":false,"template":"","format":"standard","meta":{"footnotes":""},"categories":[17],"tags":[],"class_list":["post-213156","post","type-post","status-publish","format-standard","hentry","category-deportes"],"_links":{"self":[{"href":"https:\/\/diariodominicano.com\/index.php?rest_route=\/wp\/v2\/posts\/213156","targetHints":{"allow":["GET"]}}],"collection":[{"href":"https:\/\/diariodominicano.com\/index.php?rest_route=\/wp\/v2\/posts"}],"about":[{"href":"https:\/\/diariodominicano.com\/index.php?rest_route=\/wp\/v2\/types\/post"}],"author":[{"embeddable":true,"href":"https:\/\/diariodominicano.com\/index.php?rest_route=\/wp\/v2\/users\/3"}],"replies":[{"embeddable":true,"href":"https:\/\/diariodominicano.com\/index.php?rest_route=%2Fwp%2Fv2%2Fcomments&post=213156"}],"version-history":[{"count":0,"href":"https:\/\/diariodominicano.com\/index.php?rest_route=\/wp\/v2\/posts\/213156\/revisions"}],"wp:attachment":[{"href":"https:\/\/diariodominicano.com\/index.php?rest_route=%2Fwp%2Fv2%2Fmedia&parent=213156"}],"wp:term":[{"taxonomy":"category","embeddable":true,"href":"https:\/\/diariodominicano.com\/index.php?rest_route=%2Fwp%2Fv2%2Fcategories&post=213156"},{"taxonomy":"post_tag","embeddable":true,"href":"https:\/\/diariodominicano.com\/index.php?rest_route=%2Fwp%2Fv2%2Ftags&post=213156"}],"curies":[{"name":"wp","href":"https:\/\/api.w.org\/{rel}","templated":true}]}}