{"id":213155,"date":"2013-06-24T20:19:24","date_gmt":"2013-06-24T20:19:24","guid":{"rendered":"http:\/\/diariodominicano.ddns.net\/?p=213155"},"modified":"2013-06-24T20:19:24","modified_gmt":"2013-06-24T20:19:24","slug":"pacheco-gana-categoria-de-mas-cilindrajes-motocross-kendall","status":"publish","type":"post","link":"https:\/\/diariodominicano.com\/?p=213155","title":{"rendered":"Pacheco gana categor\u00eda de m\u00e1s cilindrajes motocross Kendall  &#13;"},"content":{"rendered":"<p><body><\/p>\n<p><img decoding=\"async\" src=\"img3\/pilotos.jpg\" \/>  <\/p>\n<p><span class=\"text1noticias\">Santiago, RD, 24 de Junio.-El piloto vegano, Jim Beily Pacheco gan\u00f3 la categor\u00eda de m\u00e1s cilindrajes y el cubano Max Angles, sorprendi\u00f3 en los 85cc, en la sexta competencia puntuable del campeonato nacional Kendall de motocross, corrida ayer domingo en Bioj\u00f3.<\/span><\/p>\n<\/p>\n<p><span class=\"text1noticias\">         Luego de ser segundo en la primera manga de MX-1 para expertos, en la segunda libr\u00f3 una gran batalla con Lu\u00eds Jos\u00e9 Dur\u00e1n, pero a \u00e9ste se le ponch\u00f3 una goma, logrando mantenerse en punta ante los dem\u00e1s.<\/span><\/p>\n<\/p>\n<p><span class=\"text1noticias\">Pacheco consigui\u00f3 el primer lugar, con segundo para Randy M\u00e9ndez y tercero para Francis Arias, quien a su regreso a la pista luego de casi cinco a\u00f1os de retiro punte\u00f3 las dos mangas por la mayor cantidad de tiempo.<\/span><\/p>\n<\/p>\n<p><span class=\"text1noticias\">Mientras que en MX-2 para expertos, la segunda m\u00e1s fuerte, Dur\u00e1n consigui\u00f3 el primer lugar y M\u00e9ndez, segundo, al tiempo que Angel Miguel Ovalles, resultaba tercero.<\/span><\/p>\n<\/p>\n<p><span class=\"text1noticias\">Asimismo, en dos maravillosas mangas y buena labor con velocidad y destreza, el cubano Max Angles, gan\u00f3 la categor\u00eda de 85cc, dejando en segundo a Darnell Lantigua y en tercero a Lu\u00eds Alvarado.<\/span><\/p>\n<\/p>\n<p><span class=\"text1noticias\">M\u00e9ndez consigui\u00f3 su tercer trofeo del d\u00eda cuando triunf\u00f3 en la categor\u00eda para pre-expertos, en la que Ovalles fue segundo y Bryan Coh\u00e9n, tercero.<\/span><\/p>\n<\/p>\n<p><span class=\"text1noticias\">El italiano Tierro Malcoml, volvi\u00f3 a triunfar en las dos mangas y de nuevo se qued\u00f3 con el trofeo de primer lugar en la categor\u00eda master, en la que el campe\u00f3n nacional de la misma, Glasses Jim\u00e9nez, fue segundo y Starling Vargas, tercero.<\/span><\/p>\n<\/p>\n<p><span class=\"text1noticias\">Entre novatos, Richard L\u00f3pez mantuvo la hegemon\u00eda y gan\u00f3 las dos mangas para ser primero, mientras que Jonathan L\u00f3pez, result\u00f3 segundo y Juan Emilio Dom\u00ednguez, tercero.<\/span><\/p>\n<\/p>\n<p><span class=\"text1noticias\">En 65cc, primero, Manny Mora; segundo, Jeffried Taveras y Lu\u00eds Mart\u00ednez, tercero, al tiempo que en super pee wee, primero, Melvin Quiroz; segundo, Wilson Javier y tercero, Anelkis Mota, mientras que en pee wee, primero, Darwin B\u00e1ez; segundo, El Rayo McQueen Dominicano Skarling D\u00edaz y tercero, Neno Quiroz.<\/span><\/p>\n<\/p>\n<p><span class=\"text1noticias\">Hubo una categor\u00eda para enduristas la cual gan\u00f3 Miguel Veras, quien dej\u00f3 en segundo a Francisco Alberto y en tercero a Reinaldo Dur\u00e1n.(HG)<\/span>.<\/p>\n<\/p>\n<h6> 2013-06-24 20:19:24 <\/h6>\n<p><!--\n<link rel=\"stylesheet\" href=\"css\/bootstrap.min.css\">\n\n\n<ul class=\"pagination\">\n\t    \n\t\n\n<li >\n\t<a href='?page_no=20264'>Previous<\/a>\n\t<\/li>\n\n\n       \n    \n\n<li><a href='?page_no=1'>1<\/a><\/li>\n\n\n\n<li><a href='?page_no=2'>2<\/a><\/li>\n\n\n\n<li><a>...<\/a><\/li>\n\n\n\n<li><a href='?page_no=20263'>20263<\/a><\/li>\n\n\n\n<li><a href='?page_no=20264'>20264<\/a><\/li>\n\n\n\n<li class='active'><a>20265<\/a><\/li>\n\n\n\n<li><a href='?page_no=20266'>20266<\/a><\/li>\n\n\n\n<li><a href='?page_no=20267'>20267<\/a><\/li>\n\n\n\n<li><a>...<\/a><\/li>\n\n\n\n<li><a href='?page_no=36618'>36618<\/a><\/li>\n\n\n\n<li><a href='?page_no=36619'>36619<\/a><\/li>\n\n    \n\t\n\n<li >\n\t<a href='?page_no=20266'>Next<\/a>\n\t<\/li>\n\n\n    \n\n<li><a href='?page_no=36619'>Last &rsaquo;&rsaquo;<\/a><\/li>\n\n<\/ul>\n\n\n--><br \/>\n<\/body><\/p>\n","protected":false},"excerpt":{"rendered":"<p>Santiago, RD, 24 de Junio.-El piloto vegano, Jim Beily Pacheco gan\u00f3 la categor\u00eda de m\u00e1s cilindrajes y el cubano Max Angles, sorprendi\u00f3 en los 85cc, en la sexta competencia puntuable del campeonato nacional Kendall de motocross, corrida ayer domingo en Bioj\u00f3. Luego de ser segundo en la primera manga de MX-1 para expertos, en la [&hellip;]<\/p>\n","protected":false},"author":3,"featured_media":0,"comment_status":"open","ping_status":"open","sticky":false,"template":"","format":"standard","meta":{"footnotes":""},"categories":[17],"tags":[],"class_list":["post-213155","post","type-post","status-publish","format-standard","hentry","category-deportes"],"_links":{"self":[{"href":"https:\/\/diariodominicano.com\/index.php?rest_route=\/wp\/v2\/posts\/213155","targetHints":{"allow":["GET"]}}],"collection":[{"href":"https:\/\/diariodominicano.com\/index.php?rest_route=\/wp\/v2\/posts"}],"about":[{"href":"https:\/\/diariodominicano.com\/index.php?rest_route=\/wp\/v2\/types\/post"}],"author":[{"embeddable":true,"href":"https:\/\/diariodominicano.com\/index.php?rest_route=\/wp\/v2\/users\/3"}],"replies":[{"embeddable":true,"href":"https:\/\/diariodominicano.com\/index.php?rest_route=%2Fwp%2Fv2%2Fcomments&post=213155"}],"version-history":[{"count":0,"href":"https:\/\/diariodominicano.com\/index.php?rest_route=\/wp\/v2\/posts\/213155\/revisions"}],"wp:attachment":[{"href":"https:\/\/diariodominicano.com\/index.php?rest_route=%2Fwp%2Fv2%2Fmedia&parent=213155"}],"wp:term":[{"taxonomy":"category","embeddable":true,"href":"https:\/\/diariodominicano.com\/index.php?rest_route=%2Fwp%2Fv2%2Fcategories&post=213155"},{"taxonomy":"post_tag","embeddable":true,"href":"https:\/\/diariodominicano.com\/index.php?rest_route=%2Fwp%2Fv2%2Ftags&post=213155"}],"curies":[{"name":"wp","href":"https:\/\/api.w.org\/{rel}","templated":true}]}}