{"id":213153,"date":"2013-06-24T22:20:39","date_gmt":"2013-06-24T22:20:39","guid":{"rendered":"http:\/\/diariodominicano.ddns.net\/?p=213153"},"modified":"2013-06-24T22:20:39","modified_gmt":"2013-06-24T22:20:39","slug":"la-vega-solicita-mas-apoyo-al-deporte","status":"publish","type":"post","link":"https:\/\/diariodominicano.com\/?p=213153","title":{"rendered":"La Vega solicita m\u00e1s apoyo al deporte"},"content":{"rendered":"<p><body><\/p>\n<p><img decoding=\"async\" src=\"img3\/Caminata.jpg\" \/>  <\/p>\n<p><span class=\"text1noticias\">La Vega, RD, 24 de Junio.-Con una multitudinaria manifestaci\u00f3n, la comunidad de esta ciudad solicit\u00f3 mayor apoyo a las actividades deportivas durante la Caminata Ol\u00edmpica que se llev\u00f3 a cabo con motivo del aniversario del Comit\u00e9 Ol\u00edmpico Internacional (COI).<\/span><\/p>\n<\/p>\n<p><span class=\"text1noticias\">Al sumarse a la Caminata del D\u00eda Ol\u00edmpico La Vega 2013, organizada por el Comit\u00e9 Ol\u00edmpico Dominicano (COD) a trav\u00e9s del programa Solidaridad Ol\u00edmpica, los veganos daban a conocer a una sola voz sus peticiones.<\/span><\/p>\n<\/p>\n<p><span class=\"text1noticias\">\u00a1Deportes s\u00ed, drogas no, deportes s\u00ed, drogas no!, fue una de las consignas que los cientos de ciudadanos veganos reclamaban a una sola voz por las principales calles y avenidas de La Vega.<\/span><\/p>\n<\/p>\n<p><span class=\"text1noticias\">Con representantes de los distintos sectores de la provincia vegana, la Caminata parti\u00f3 a las 3:46 de la tarde desde el Complejo Deportivo de esa ciudad.<\/span><\/p>\n<\/p>\n<p><span class=\"text1noticias\">El doctor Andr\u00e9s Rodr\u00edguez C\u00e9spedes, gobernador provincial, habl\u00f3 durante la breve ceremonia de inicio y agradeci\u00f3 la iniciativa del COD en darle a La Vega la responsabilidad de organizador los actos conmemorativos del D\u00eda Ol\u00edmpico.<\/span><\/p>\n<\/p>\n<p><span class=\"text1noticias\">??Que este sea el inicio de muchas actividades que el Comit\u00e9 Ol\u00edmpico realice en La Vega. La Gobernaci\u00f3n Provincial siempre dar\u00e1 su apoyo a eventos como este??, indic\u00f3 Rodr\u00edguez C\u00e9spedes.<\/span><\/p>\n<\/p>\n<p><span class=\"text1noticias\">El recorrido incluy\u00f3 la avenida Gregorio Riva, as\u00ed como las calles N\u00fa\u00f1ez de C\u00e1ceres; Col\u00f3n y Padre Alonso, y concluy\u00f3 en la parte frontal del Parque Duarte, donde se hicieron m\u00faltiples reconocimientos.<\/span><\/p>\n<\/p>\n<p><span class=\"text1noticias\">Antonio Acosta, secretario general del COD, hizo un llamado a las autoridades deportivas para que apoyen y destinen m\u00e1s recursos en el deporte.<\/span><\/p>\n<\/p>\n<p><span class=\"text1noticias\">??Invirtiendo m\u00e1s recursos en el deporte, logramos que la ni\u00f1ez y la juventud se alejen de los vicios, as\u00ed como un mayor impulso al desarrollo de la sociedad??, indic\u00f3 Acosta.<\/span><\/p>\n<\/p>\n<p><span class=\"text1noticias\">La Caminata Ol\u00edmpica congreg\u00f3 a entidades como el Cuerpo de Bomberos, Fuerza A\u00e9rea Dominicana, Polic\u00eda Nacional, Defensa Civil, Autoridad Metropolitana de Transporte, as\u00ed como delegaciones de las distintas provincias, clubes, asociaciones deportivas y representantes gubernamentales de La Vega.<\/span><\/p>\n<\/p>\n<p><span class=\"text1noticias\">Con la entrega de m\u00faltiples reconocimientos, la Caminata Ol\u00edmpica concluy\u00f3 en el Parque Duarte, donde el COD y la Uni\u00f3n Deportiva Vegana resaltaron a personalidades y deportistas de la ciudad y los que trabajaron en la organizaci\u00f3n de la actividad.<\/span><\/p>\n<\/p>\n<p><span class=\"text1noticias\">Previo a la Camina Ol\u00edmpica, se llev\u00f3 a cabo en horas de la ma\u00f1ana una jornada de reforestaci\u00f3n, as\u00ed como el develamiento de un busto del Bar\u00f3n Pierre de Coubertin en la parte frontal del Complejo Deportivo Vegano, y la rotulaci\u00f3n de una calle con el nombre del fundador del COI.(HG)<\/span>.<\/p>\n<h6> 2013-06-24 22:20:39 <\/h6>\n<p><!--\n<link rel=\"stylesheet\" href=\"css\/bootstrap.min.css\">\n\n\n<ul class=\"pagination\">\n\t    \n\t\n\n<li >\n\t<a href='?page_no=20262'>Previous<\/a>\n\t<\/li>\n\n\n       \n    \n\n<li><a href='?page_no=1'>1<\/a><\/li>\n\n\n\n<li><a href='?page_no=2'>2<\/a><\/li>\n\n\n\n<li><a>...<\/a><\/li>\n\n\n\n<li><a href='?page_no=20261'>20261<\/a><\/li>\n\n\n\n<li><a href='?page_no=20262'>20262<\/a><\/li>\n\n\n\n<li class='active'><a>20263<\/a><\/li>\n\n\n\n<li><a href='?page_no=20264'>20264<\/a><\/li>\n\n\n\n<li><a href='?page_no=20265'>20265<\/a><\/li>\n\n\n\n<li><a>...<\/a><\/li>\n\n\n\n<li><a href='?page_no=36618'>36618<\/a><\/li>\n\n\n\n<li><a href='?page_no=36619'>36619<\/a><\/li>\n\n    \n\t\n\n<li >\n\t<a href='?page_no=20264'>Next<\/a>\n\t<\/li>\n\n\n    \n\n<li><a href='?page_no=36619'>Last &rsaquo;&rsaquo;<\/a><\/li>\n\n<\/ul>\n\n\n--><br \/>\n<\/body><\/p>\n","protected":false},"excerpt":{"rendered":"<p>La Vega, RD, 24 de Junio.-Con una multitudinaria manifestaci\u00f3n, la comunidad de esta ciudad solicit\u00f3 mayor apoyo a las actividades deportivas durante la Caminata Ol\u00edmpica que se llev\u00f3 a cabo con motivo del aniversario del Comit\u00e9 Ol\u00edmpico Internacional (COI). Al sumarse a la Caminata del D\u00eda Ol\u00edmpico La Vega 2013, organizada por el Comit\u00e9 Ol\u00edmpico [&hellip;]<\/p>\n","protected":false},"author":3,"featured_media":0,"comment_status":"open","ping_status":"open","sticky":false,"template":"","format":"standard","meta":{"footnotes":""},"categories":[17],"tags":[],"class_list":["post-213153","post","type-post","status-publish","format-standard","hentry","category-deportes"],"_links":{"self":[{"href":"https:\/\/diariodominicano.com\/index.php?rest_route=\/wp\/v2\/posts\/213153","targetHints":{"allow":["GET"]}}],"collection":[{"href":"https:\/\/diariodominicano.com\/index.php?rest_route=\/wp\/v2\/posts"}],"about":[{"href":"https:\/\/diariodominicano.com\/index.php?rest_route=\/wp\/v2\/types\/post"}],"author":[{"embeddable":true,"href":"https:\/\/diariodominicano.com\/index.php?rest_route=\/wp\/v2\/users\/3"}],"replies":[{"embeddable":true,"href":"https:\/\/diariodominicano.com\/index.php?rest_route=%2Fwp%2Fv2%2Fcomments&post=213153"}],"version-history":[{"count":0,"href":"https:\/\/diariodominicano.com\/index.php?rest_route=\/wp\/v2\/posts\/213153\/revisions"}],"wp:attachment":[{"href":"https:\/\/diariodominicano.com\/index.php?rest_route=%2Fwp%2Fv2%2Fmedia&parent=213153"}],"wp:term":[{"taxonomy":"category","embeddable":true,"href":"https:\/\/diariodominicano.com\/index.php?rest_route=%2Fwp%2Fv2%2Fcategories&post=213153"},{"taxonomy":"post_tag","embeddable":true,"href":"https:\/\/diariodominicano.com\/index.php?rest_route=%2Fwp%2Fv2%2Ftags&post=213153"}],"curies":[{"name":"wp","href":"https:\/\/api.w.org\/{rel}","templated":true}]}}