{"id":213143,"date":"2013-06-25T22:38:23","date_gmt":"2013-06-25T22:38:23","guid":{"rendered":"http:\/\/diariodominicano.ddns.net\/?p=213143"},"modified":"2013-06-25T22:38:23","modified_gmt":"2013-06-25T22:38:23","slug":"voleibol-de-mayores-rd-debuta-ante-italia-este-mercoles-en-la-copa-boris-yeltsin-en-rusia","status":"publish","type":"post","link":"https:\/\/diariodominicano.com\/?p=213143","title":{"rendered":"Voleibol de mayores RD debuta ante Italia este m\u00e9rcoles en la Copa Boris Yeltsin en Rusia"},"content":{"rendered":"<p><body><\/p>\n<p><img decoding=\"async\" src=\"img3\/Bethania.jpg\" \/>  <\/p>\n<p><span class=\"text1noticias\">Rusia, 25 de Junio.-El equipo de voleibol femenino de mayores debuta este mi\u00e9rcoles ante Italia en la apertura de la Copa Boris Yeltsin que se jugar\u00e1 hasta el 30 de este mes con la participaci\u00f3n de varios pa\u00edses mundialistas.<\/span><\/p>\n<\/p>\n<p><span class=\"text1noticias\">Al dar la informaci\u00f3n, el presidente del Proyecto de Selecciones Nacionales, licenciado Crist\u00f3bal Marte Hoffiz, dijo que ya el conjunto se encuentra en Rusia y ha realizado algunos entrenamientos previo a la justa. La Copa se jugar\u00e1 en el techado de la ciudad de Ekaterimburgo.<\/span><\/p>\n<\/p>\n<p><span class=\"text1noticias\">Revel\u00f3 que las estelares salidoras, Bethania de la Cruz y Priscila Rivera, no hicieron el viaje con el equipo, ya que han recibido descanso de parte del cuerpo t\u00e9cnico.  Eso ayudar\u00e1 a que las jugadores j\u00f3venes logren m\u00e1s tiempo de juego y logren pulir su talento.<\/span><\/p>\n<\/p>\n<p><span class=\"text1noticias\">All\u00ed, las criollas se medir\u00e1n este mi\u00e9rcoles a Italia en horas la noche, el jueves contra Jap\u00f3n, el viernes con Polonia. De avanzar jugar\u00e1n en semifinales con Cuba o Rusia.<\/span><\/p>\n<\/p>\n<p><span class=\"text1noticias\">\u00abEsas victorias que hemos logrado en los eventos internacionales no nos sorprenden, ya que la inversi\u00f3n que hemos hecho es para estar en una mejor posici\u00f3n en el ranking\u00bb, dijo el presidente del proyecto.<\/span><\/p>\n<\/p>\n<p><span class=\"text1noticias\">\u00abNuestra gran meta para este a\u00f1o es lograr un mejor resultado en el Grand Prix y clasificar para el Mundial de 2014\u00bb, dijo-<\/span><\/p>\n<\/p>\n<p><span class=\"text1noticias\">Se preparan para Grand Prix<\/span><\/p>\n<\/p>\n<p><span class=\"text1noticias\">Las quisqueyanas jugar\u00e1n la primera parada del Grand Prix entre el dos y cuatro de agosto en el Palacio del Voleibol frente a Serbia, Puerto Rico y la Rep\u00fablica Checa.<\/span><\/p>\n<\/p>\n<p><span class=\"text1noticias\">El siguiente fin de semana (9-11 agosto) chocar\u00e1n con Brasil, Bulgaria y Puerto Rico en Mayag\u00fcez y terminan la primera fase (16-19 agosto) en Kaohsiung, Taiw\u00e1n, ante Turqu\u00eda, Italia y Argelia.(HG)<\/span>.<\/p>\n<h6> 2013-06-25 22:38:23 <\/h6>\n<p><!--\n<link rel=\"stylesheet\" href=\"css\/bootstrap.min.css\">\n\n\n<ul class=\"pagination\">\n\t    \n\t\n\n<li >\n\t<a href='?page_no=20252'>Previous<\/a>\n\t<\/li>\n\n\n       \n    \n\n<li><a href='?page_no=1'>1<\/a><\/li>\n\n\n\n<li><a href='?page_no=2'>2<\/a><\/li>\n\n\n\n<li><a>...<\/a><\/li>\n\n\n\n<li><a href='?page_no=20251'>20251<\/a><\/li>\n\n\n\n<li><a href='?page_no=20252'>20252<\/a><\/li>\n\n\n\n<li class='active'><a>20253<\/a><\/li>\n\n\n\n<li><a href='?page_no=20254'>20254<\/a><\/li>\n\n\n\n<li><a href='?page_no=20255'>20255<\/a><\/li>\n\n\n\n<li><a>...<\/a><\/li>\n\n\n\n<li><a href='?page_no=36618'>36618<\/a><\/li>\n\n\n\n<li><a href='?page_no=36619'>36619<\/a><\/li>\n\n    \n\t\n\n<li >\n\t<a href='?page_no=20254'>Next<\/a>\n\t<\/li>\n\n\n    \n\n<li><a href='?page_no=36619'>Last &rsaquo;&rsaquo;<\/a><\/li>\n\n<\/ul>\n\n\n--><br \/>\n<\/body><\/p>\n","protected":false},"excerpt":{"rendered":"<p>Rusia, 25 de Junio.-El equipo de voleibol femenino de mayores debuta este mi\u00e9rcoles ante Italia en la apertura de la Copa Boris Yeltsin que se jugar\u00e1 hasta el 30 de este mes con la participaci\u00f3n de varios pa\u00edses mundialistas. Al dar la informaci\u00f3n, el presidente del Proyecto de Selecciones Nacionales, licenciado Crist\u00f3bal Marte Hoffiz, dijo [&hellip;]<\/p>\n","protected":false},"author":3,"featured_media":0,"comment_status":"open","ping_status":"open","sticky":false,"template":"","format":"standard","meta":{"footnotes":""},"categories":[17],"tags":[],"class_list":["post-213143","post","type-post","status-publish","format-standard","hentry","category-deportes"],"_links":{"self":[{"href":"https:\/\/diariodominicano.com\/index.php?rest_route=\/wp\/v2\/posts\/213143","targetHints":{"allow":["GET"]}}],"collection":[{"href":"https:\/\/diariodominicano.com\/index.php?rest_route=\/wp\/v2\/posts"}],"about":[{"href":"https:\/\/diariodominicano.com\/index.php?rest_route=\/wp\/v2\/types\/post"}],"author":[{"embeddable":true,"href":"https:\/\/diariodominicano.com\/index.php?rest_route=\/wp\/v2\/users\/3"}],"replies":[{"embeddable":true,"href":"https:\/\/diariodominicano.com\/index.php?rest_route=%2Fwp%2Fv2%2Fcomments&post=213143"}],"version-history":[{"count":0,"href":"https:\/\/diariodominicano.com\/index.php?rest_route=\/wp\/v2\/posts\/213143\/revisions"}],"wp:attachment":[{"href":"https:\/\/diariodominicano.com\/index.php?rest_route=%2Fwp%2Fv2%2Fmedia&parent=213143"}],"wp:term":[{"taxonomy":"category","embeddable":true,"href":"https:\/\/diariodominicano.com\/index.php?rest_route=%2Fwp%2Fv2%2Fcategories&post=213143"},{"taxonomy":"post_tag","embeddable":true,"href":"https:\/\/diariodominicano.com\/index.php?rest_route=%2Fwp%2Fv2%2Ftags&post=213143"}],"curies":[{"name":"wp","href":"https:\/\/api.w.org\/{rel}","templated":true}]}}