{"id":213135,"date":"2013-06-26T20:20:45","date_gmt":"2013-06-26T20:20:45","guid":{"rendered":"http:\/\/diariodominicano.ddns.net\/?p=213135"},"modified":"2013-06-26T20:20:45","modified_gmt":"2013-06-26T20:20:45","slug":"celebran-en-la-barranquita-atletismo-baloncesto-y-softbol-deportes-especiales","status":"publish","type":"post","link":"https:\/\/diariodominicano.com\/?p=213135","title":{"rendered":"Celebran en La Barranquita: atletismo, baloncesto y softbol deportes especiales"},"content":{"rendered":"<p><body><\/p>\n<p><img decoding=\"async\" src=\"img3\/udesa.jpg\" \/>  <\/p>\n<p><span class=\"text1noticias\">Santiago, RD, 26 de Junio.-Las instalaciones del complejo deportivo de La Barranquita fueron escenarios, recientemente, de los campeonatos de atletismo, baloncesto y softbol de los deportes especiales.<\/span><\/p>\n<\/p>\n<p><span class=\"text1noticias\">En la disciplina de baloncesto, en la que el presidente de la Uni\u00f3n Deportiva de Santiago, UDESA, profesor H\u00e9ctor de Padua, junto a otros directivos de la misma, realiz\u00f3 el saque de honor, el combinado \u00abA\u00bb le gan\u00f3, 67-47, al \u00abB\u00bb.<\/span><\/p>\n<\/p>\n<p><span class=\"text1noticias\">Los mejores jugadores por el equipo ganador, fueron: Cristhian G\u00f3mez, con 22 puntos y 5 rebotes y Edwin Almonte, con 15 puntos y 4 rebotes.<\/span><\/p>\n<\/p>\n<p><span class=\"text1noticias\">SOFTBOL: Equipo \u00abA\u00bb venci\u00f3 dos veces al \u00abB\u00bb<\/span><\/p>\n<\/p>\n<p><span class=\"text1noticias\">\tEn Softbol, el equipo \u00abA\u00bb derrot\u00f3 en dos ocasiones al \u00abB\u00bb, con pizarras de, 12-1 y 10-4, siendo el lanzador ganador de ambos choques, Marcos Rodr\u00edguez y el perdedor de los dos, Juan Rodr\u00edguez.<\/span><\/p>\n<p><span class=\"text1noticias\">\tSe destacaron al bate por los ganadores: Carlos Tav\u00e1rez, con cuatro sencillos; Jovanny Gonz\u00e1lez, con 3 dobles y Sammy Hiraldo, con 2 singles.<\/span><\/p>\n<\/p>\n<p><span class=\"text1noticias\">Atletismo<\/span><\/p>\n<\/p>\n<p><span class=\"text1noticias\">\tEn la disciplina de atletismo femenino en 50 metros planos, primera, Mabel Guti\u00e9rrez, con tiempo 00.09.48 segundos; segunda, C\u00e1ndida Ure\u00f1a, con 00.09.61 y tercera, Kiara Franco, con 00.09.64.<\/span><\/p>\n<p><span class=\"text1noticias\">\tEn 50 metros planos masculinos, primero, Jos\u00e9 Rodr\u00edguez, con tiempo de 00.09.67; segundo, Ariel Minaya, con 00.09.69 y tercero, Johansen V\u00e1squez, con 00.12.16.<\/span><\/p>\n<p><span class=\"text1noticias\">En 100 metros planos masculinos, primero, Jean Carlos Ceballos, con 00.13.50; segundo, Alex Rodr\u00edguez, con 00.13.67 y tercero, Lu\u00eds Henriquez, con 00.13.91.\t<\/span><\/p>\n<p><span class=\"text1noticias\">\tEl evento fue organizado por la Asociaci\u00f3n de Deportes especiales de Santiago, al mismo asistieron diferentes personalidades del deporte y autoridades civiles y militares.(HG)<\/span>.<\/p>\n<h6> 2013-06-26 20:20:45 <\/h6>\n<p><!--\n<link rel=\"stylesheet\" href=\"css\/bootstrap.min.css\">\n\n\n<ul class=\"pagination\">\n\t    \n\t\n\n<li >\n\t<a href='?page_no=20244'>Previous<\/a>\n\t<\/li>\n\n\n       \n    \n\n<li><a href='?page_no=1'>1<\/a><\/li>\n\n\n\n<li><a href='?page_no=2'>2<\/a><\/li>\n\n\n\n<li><a>...<\/a><\/li>\n\n\n\n<li><a href='?page_no=20243'>20243<\/a><\/li>\n\n\n\n<li><a href='?page_no=20244'>20244<\/a><\/li>\n\n\n\n<li class='active'><a>20245<\/a><\/li>\n\n\n\n<li><a href='?page_no=20246'>20246<\/a><\/li>\n\n\n\n<li><a href='?page_no=20247'>20247<\/a><\/li>\n\n\n\n<li><a>...<\/a><\/li>\n\n\n\n<li><a href='?page_no=36618'>36618<\/a><\/li>\n\n\n\n<li><a href='?page_no=36619'>36619<\/a><\/li>\n\n    \n\t\n\n<li >\n\t<a href='?page_no=20246'>Next<\/a>\n\t<\/li>\n\n\n    \n\n<li><a href='?page_no=36619'>Last &rsaquo;&rsaquo;<\/a><\/li>\n\n<\/ul>\n\n\n--><br \/>\n<\/body><\/p>\n","protected":false},"excerpt":{"rendered":"<p>Santiago, RD, 26 de Junio.-Las instalaciones del complejo deportivo de La Barranquita fueron escenarios, recientemente, de los campeonatos de atletismo, baloncesto y softbol de los deportes especiales. En la disciplina de baloncesto, en la que el presidente de la Uni\u00f3n Deportiva de Santiago, UDESA, profesor H\u00e9ctor de Padua, junto a otros directivos de la misma, [&hellip;]<\/p>\n","protected":false},"author":3,"featured_media":0,"comment_status":"open","ping_status":"open","sticky":false,"template":"","format":"standard","meta":{"footnotes":""},"categories":[17],"tags":[],"class_list":["post-213135","post","type-post","status-publish","format-standard","hentry","category-deportes"],"_links":{"self":[{"href":"https:\/\/diariodominicano.com\/index.php?rest_route=\/wp\/v2\/posts\/213135","targetHints":{"allow":["GET"]}}],"collection":[{"href":"https:\/\/diariodominicano.com\/index.php?rest_route=\/wp\/v2\/posts"}],"about":[{"href":"https:\/\/diariodominicano.com\/index.php?rest_route=\/wp\/v2\/types\/post"}],"author":[{"embeddable":true,"href":"https:\/\/diariodominicano.com\/index.php?rest_route=\/wp\/v2\/users\/3"}],"replies":[{"embeddable":true,"href":"https:\/\/diariodominicano.com\/index.php?rest_route=%2Fwp%2Fv2%2Fcomments&post=213135"}],"version-history":[{"count":0,"href":"https:\/\/diariodominicano.com\/index.php?rest_route=\/wp\/v2\/posts\/213135\/revisions"}],"wp:attachment":[{"href":"https:\/\/diariodominicano.com\/index.php?rest_route=%2Fwp%2Fv2%2Fmedia&parent=213135"}],"wp:term":[{"taxonomy":"category","embeddable":true,"href":"https:\/\/diariodominicano.com\/index.php?rest_route=%2Fwp%2Fv2%2Fcategories&post=213135"},{"taxonomy":"post_tag","embeddable":true,"href":"https:\/\/diariodominicano.com\/index.php?rest_route=%2Fwp%2Fv2%2Ftags&post=213135"}],"curies":[{"name":"wp","href":"https:\/\/api.w.org\/{rel}","templated":true}]}}