{"id":213132,"date":"2013-06-26T22:01:12","date_gmt":"2013-06-26T22:01:12","guid":{"rendered":"http:\/\/diariodominicano.ddns.net\/?p=213132"},"modified":"2013-06-26T22:01:12","modified_gmt":"2013-06-26T22:01:12","slug":"dedican-torneo-de-beisbol-del-sector-vista-hermosa-al-diputado-ramon-cabrera","status":"publish","type":"post","link":"https:\/\/diariodominicano.com\/?p=213132","title":{"rendered":"Dedican Torneo de beisbol del sector Vista Hermosa al diputado Ram\u00f3n Cabrera"},"content":{"rendered":"<p><body><\/p>\n<p><img decoding=\"async\" src=\"img3\/cabrera.jpg\" \/>  <\/p>\n<p><span class=\"text1noticias\">Santo Domingo, RD, 26 de junio.-La Liga Deportiva Medina del sector Vista Hermosa de Santo Domingo Este, dedico su 5to Torneo de Beisbol al diputado por este municipio, Ram\u00f3n Cabrera, quien de inmediato agradeci\u00f3 el gesto e hizo un llamado a los j\u00f3venes a que practiquen deportes pero sin olvidarse de los estudios ya que estas dos \u00e1reas son las \u00fanicas que garantizan el futuro de la sociedad.<\/span><\/p>\n<\/p>\n<p><span class=\"text1noticias\">La actividad fue encabezada por el diputado Ram\u00f3n Cabrera y el presidente de la Liga juvenil Narciso Medina Reyes, el entrenador de los jugadores, Lalo Rodr\u00edguez y Humberto Jim\u00e9nez, presidente de la Asociaci\u00f3n de Padres de la Liga.<\/span><\/p>\n<\/p>\n<p><span class=\"text1noticias\">Cabrera, quien es diputado por la Circunscripci\u00f3n Dos del Municipio Santo Domingo Este, se comprometi\u00f3 a  apoyar la liga en todo lo necesario especialmente en la compra de \u00fatiles y uniformes deportivos, as\u00ed como a contratar un organizador para la formaci\u00f3n de un grupo de abanderados para la liga para que siempre rindan honor a nuestra bandera tricolor.<\/span><\/p>\n<\/p>\n<p><span class=\"text1noticias\">En el acto, tambi\u00e9n se le entrego una placa de reconocimiento al legislador, como una forma de agradecer sus aportes a esa liga deportiva, pero muy especialmente a los j\u00f3venes de esa zona, tambi\u00e9n fueron reconocidos a algunos padres de los deportistas.<\/span><\/p>\n<\/p>\n<p><span class=\"text1noticias\">Cabe resaltar que en este torneo participaran diferentes categor\u00edas entre ella, la Periquito con peque\u00f1itos que comprenden la edad de seis a ocho a\u00f1os, la Pre infantil de 9 a 10 a\u00f1os, la peque\u00f1a liga de 13 a 14 a\u00f1os y la juvenil de 15 a 17 a\u00f1os.(HG)<\/span>. <\/p>\n<\/p>\n<h6> 2013-06-26 22:01:12 <\/h6>\n<p><!--\n<link rel=\"stylesheet\" href=\"css\/bootstrap.min.css\">\n\n\n<ul class=\"pagination\">\n\t    \n\t\n\n<li >\n\t<a href='?page_no=20241'>Previous<\/a>\n\t<\/li>\n\n\n       \n    \n\n<li><a href='?page_no=1'>1<\/a><\/li>\n\n\n\n<li><a href='?page_no=2'>2<\/a><\/li>\n\n\n\n<li><a>...<\/a><\/li>\n\n\n\n<li><a href='?page_no=20240'>20240<\/a><\/li>\n\n\n\n<li><a href='?page_no=20241'>20241<\/a><\/li>\n\n\n\n<li class='active'><a>20242<\/a><\/li>\n\n\n\n<li><a href='?page_no=20243'>20243<\/a><\/li>\n\n\n\n<li><a href='?page_no=20244'>20244<\/a><\/li>\n\n\n\n<li><a>...<\/a><\/li>\n\n\n\n<li><a href='?page_no=36618'>36618<\/a><\/li>\n\n\n\n<li><a href='?page_no=36619'>36619<\/a><\/li>\n\n    \n\t\n\n<li >\n\t<a href='?page_no=20243'>Next<\/a>\n\t<\/li>\n\n\n    \n\n<li><a href='?page_no=36619'>Last &rsaquo;&rsaquo;<\/a><\/li>\n\n<\/ul>\n\n\n--><br \/>\n<\/body><\/p>\n","protected":false},"excerpt":{"rendered":"<p>Santo Domingo, RD, 26 de junio.-La Liga Deportiva Medina del sector Vista Hermosa de Santo Domingo Este, dedico su 5to Torneo de Beisbol al diputado por este municipio, Ram\u00f3n Cabrera, quien de inmediato agradeci\u00f3 el gesto e hizo un llamado a los j\u00f3venes a que practiquen deportes pero sin olvidarse de los estudios ya que [&hellip;]<\/p>\n","protected":false},"author":3,"featured_media":0,"comment_status":"open","ping_status":"open","sticky":false,"template":"","format":"standard","meta":{"footnotes":""},"categories":[17],"tags":[],"class_list":["post-213132","post","type-post","status-publish","format-standard","hentry","category-deportes"],"_links":{"self":[{"href":"https:\/\/diariodominicano.com\/index.php?rest_route=\/wp\/v2\/posts\/213132","targetHints":{"allow":["GET"]}}],"collection":[{"href":"https:\/\/diariodominicano.com\/index.php?rest_route=\/wp\/v2\/posts"}],"about":[{"href":"https:\/\/diariodominicano.com\/index.php?rest_route=\/wp\/v2\/types\/post"}],"author":[{"embeddable":true,"href":"https:\/\/diariodominicano.com\/index.php?rest_route=\/wp\/v2\/users\/3"}],"replies":[{"embeddable":true,"href":"https:\/\/diariodominicano.com\/index.php?rest_route=%2Fwp%2Fv2%2Fcomments&post=213132"}],"version-history":[{"count":0,"href":"https:\/\/diariodominicano.com\/index.php?rest_route=\/wp\/v2\/posts\/213132\/revisions"}],"wp:attachment":[{"href":"https:\/\/diariodominicano.com\/index.php?rest_route=%2Fwp%2Fv2%2Fmedia&parent=213132"}],"wp:term":[{"taxonomy":"category","embeddable":true,"href":"https:\/\/diariodominicano.com\/index.php?rest_route=%2Fwp%2Fv2%2Fcategories&post=213132"},{"taxonomy":"post_tag","embeddable":true,"href":"https:\/\/diariodominicano.com\/index.php?rest_route=%2Fwp%2Fv2%2Ftags&post=213132"}],"curies":[{"name":"wp","href":"https:\/\/api.w.org\/{rel}","templated":true}]}}