{"id":213122,"date":"2013-06-27T20:49:43","date_gmt":"2013-06-27T20:49:43","guid":{"rendered":"http:\/\/diariodominicano.ddns.net\/?p=213122"},"modified":"2013-06-27T20:49:43","modified_gmt":"2013-06-27T20:49:43","slug":"nagua-clasifica-en-5ta-zona","status":"publish","type":"post","link":"https:\/\/diariodominicano.com\/?p=213122","title":{"rendered":"Nagua Clasifica en 5ta. Zona"},"content":{"rendered":"<p><body><\/p>\n<p><span class=\"text1noticias\">Santo Domingo, RD, 27 de Junio.-El seleccionado de la Provincia Mar\u00eda Trinidad S\u00e1nchez (Nagua), conquist\u00f3 el derecho representar a la 5ta. Zona en la gran final del XXIII Torneo nacional de b\u00e9isbol menor, en la categor\u00eda infantil, de 11 a  13 a\u00f1os, organizado por la Asociaci\u00f3n Nacional de Ligas y Clubes (ASONALICLU).<\/span><\/p>\n<\/p>\n<p><span class=\"text1noticias\">En una competencia sin precedente, los equipos de las ligas, Pascuada de Saman\u00e1, Franklin Acosta de S\u00e1nchez Ramirez (Cotu\u00ed), Estarlin Tineo de San Francisco de Macor\u00eds y la Fernando Mart\u00ednez de Nagua. Luego de avanzar a la ronda semifinal, se enfrentaron en una lucha tit\u00e1nica.<\/span><\/p>\n<\/p>\n<p><span class=\"text1noticias\">Saman\u00e1 se impuso a Cotu\u00ed 4 a 3, gan\u00f3 Franklin Est\u00e9vez y perdi\u00f3 Edward Mart\u00ednez, mientras Nagua Triunf\u00f3 frente a San Francisco de Macor\u00eds, 1 a 0, Norberto Hiciano gan\u00f3 y \u00c1ngel S\u00e1nchez carg\u00f3 con la derrota.<\/span><\/p>\n<\/p>\n<p><span class=\"text1noticias\">Los seleccionados de Nagua y Saman\u00e1 pasaron a la ronda final en un partido decisivo, el cual termin\u00f3 empatado a 0, teni\u00e9ndose que decidir por gol average seg\u00fan los reglamentos de Asonaliclu, el triunfo correspondi\u00f3 al equipo de Mar\u00eda Trinidad S\u00e1nchez (Nagua) al embasar 5 corredores contra 4 de Saman\u00e1. Norberto Hiciano le gan\u00f3 el duelo a su digno rival Franklin Est\u00e9vez.<\/span><\/p>\n<\/p>\n<p><span class=\"text1noticias\">Con su triunfo el seleccionado de la Provincia Mar\u00eda Trinidad S\u00e1nchez Nagua obtuvo la clasificaci\u00f3n para representar a la 5ta. Zona, en la gran final de campeones, a celebrarse en el Centro Ol\u00edmpico Juan Pablo del 30 de julio al 4 de agosto pr\u00f3ximo.(HG)<\/span>.<\/p>\n<\/p>\n<\/p>\n<h6> 2013-06-27 20:49:43 <\/h6>\n<p><!--\n<link rel=\"stylesheet\" href=\"css\/bootstrap.min.css\">\n\n\n<ul class=\"pagination\">\n\t    \n\t\n\n<li >\n\t<a href='?page_no=20231'>Previous<\/a>\n\t<\/li>\n\n\n       \n    \n\n<li><a href='?page_no=1'>1<\/a><\/li>\n\n\n\n<li><a href='?page_no=2'>2<\/a><\/li>\n\n\n\n<li><a>...<\/a><\/li>\n\n\n\n<li><a href='?page_no=20230'>20230<\/a><\/li>\n\n\n\n<li><a href='?page_no=20231'>20231<\/a><\/li>\n\n\n\n<li class='active'><a>20232<\/a><\/li>\n\n\n\n<li><a href='?page_no=20233'>20233<\/a><\/li>\n\n\n\n<li><a href='?page_no=20234'>20234<\/a><\/li>\n\n\n\n<li><a>...<\/a><\/li>\n\n\n\n<li><a href='?page_no=36618'>36618<\/a><\/li>\n\n\n\n<li><a href='?page_no=36619'>36619<\/a><\/li>\n\n    \n\t\n\n<li >\n\t<a href='?page_no=20233'>Next<\/a>\n\t<\/li>\n\n\n    \n\n<li><a href='?page_no=36619'>Last &rsaquo;&rsaquo;<\/a><\/li>\n\n<\/ul>\n\n\n--><br \/>\n<\/body><\/p>\n","protected":false},"excerpt":{"rendered":"<p>Santo Domingo, RD, 27 de Junio.-El seleccionado de la Provincia Mar\u00eda Trinidad S\u00e1nchez (Nagua), conquist\u00f3 el derecho representar a la 5ta. Zona en la gran final del XXIII Torneo nacional de b\u00e9isbol menor, en la categor\u00eda infantil, de 11 a 13 a\u00f1os, organizado por la Asociaci\u00f3n Nacional de Ligas y Clubes (ASONALICLU). En una competencia [&hellip;]<\/p>\n","protected":false},"author":3,"featured_media":0,"comment_status":"open","ping_status":"open","sticky":false,"template":"","format":"standard","meta":{"footnotes":""},"categories":[17],"tags":[],"class_list":["post-213122","post","type-post","status-publish","format-standard","hentry","category-deportes"],"_links":{"self":[{"href":"https:\/\/diariodominicano.com\/index.php?rest_route=\/wp\/v2\/posts\/213122","targetHints":{"allow":["GET"]}}],"collection":[{"href":"https:\/\/diariodominicano.com\/index.php?rest_route=\/wp\/v2\/posts"}],"about":[{"href":"https:\/\/diariodominicano.com\/index.php?rest_route=\/wp\/v2\/types\/post"}],"author":[{"embeddable":true,"href":"https:\/\/diariodominicano.com\/index.php?rest_route=\/wp\/v2\/users\/3"}],"replies":[{"embeddable":true,"href":"https:\/\/diariodominicano.com\/index.php?rest_route=%2Fwp%2Fv2%2Fcomments&post=213122"}],"version-history":[{"count":0,"href":"https:\/\/diariodominicano.com\/index.php?rest_route=\/wp\/v2\/posts\/213122\/revisions"}],"wp:attachment":[{"href":"https:\/\/diariodominicano.com\/index.php?rest_route=%2Fwp%2Fv2%2Fmedia&parent=213122"}],"wp:term":[{"taxonomy":"category","embeddable":true,"href":"https:\/\/diariodominicano.com\/index.php?rest_route=%2Fwp%2Fv2%2Fcategories&post=213122"},{"taxonomy":"post_tag","embeddable":true,"href":"https:\/\/diariodominicano.com\/index.php?rest_route=%2Fwp%2Fv2%2Ftags&post=213122"}],"curies":[{"name":"wp","href":"https:\/\/api.w.org\/{rel}","templated":true}]}}