{"id":213121,"date":"2013-06-27T20:52:04","date_gmt":"2013-06-27T20:52:04","guid":{"rendered":"http:\/\/diariodominicano.ddns.net\/?p=213121"},"modified":"2013-06-27T20:52:04","modified_gmt":"2013-06-27T20:52:04","slug":"uce-y-ministerio-de-deportes-firman-acuerdo","status":"publish","type":"post","link":"https:\/\/diariodominicano.com\/?p=213121","title":{"rendered":"UCE y Ministerio de Deportes firman acuerdo"},"content":{"rendered":"<p><body><\/p>\n<p><img decoding=\"async\" src=\"img3\/acuerdo.jpg\" \/>  <\/p>\n<p><span class=\"text1noticias\">Santo Domingo, RD, 27 de Junio.-El doctor Jos\u00e9 E. Haz\u00edm Frappier, Rector de la Universidad Central del Este y el doctor Jaime David Fern\u00e1ndez Mirabal, Ministro de Deportes, firmaron un acuerdo interinstitucional con el objetivo de poner el deporte al servicio del desarrollo y favorecer el establecimiento de una sociedad pac\u00edfica y comprometida con el mantenimiento de la dignidad humana. <\/span><\/p>\n<\/p>\n<p><span class=\"text1noticias\">Mediante este convenio la Universidad Central del Este pone a disposici\u00f3n del Ministerio de Deportes crear, desarrollar programas de formaci\u00f3n y capacitaci\u00f3n para la cualificaci\u00f3n de los recursos humanos que laboran en el deporte y la recreaci\u00f3n, a trav\u00e9s de cursos especializados de las diferentes disciplinas deportivas. <\/span><\/p>\n<\/p>\n<p><span class=\"text1noticias\">Se impartir\u00e1n seminarios, diplomados, y talleres-conferencias con el prop\u00f3sito de contribuir a elevar el nivel de atletas, t\u00e9cnicos y dirigentes de los deportes en la Rep\u00fablica Dominicana, conforme a una programaci\u00f3n previamente acordada por la Universidad Central del Este y el Ministerio de Deportes. <\/span><\/p>\n<\/p>\n<p><span class=\"text1noticias\">Convienen adem\u00e1s, facilitar las instalaciones deportivas de ambas entidades y se comprometen a desarrollar planes y actividades con los estudiantes miembros de la familia universitaria y las comunidades, en aras de generar convivencia social inclusiva en la promoci\u00f3n de los mejores valores. <\/span><\/p>\n<\/p>\n<p><span class=\"text1noticias\">El acto de firma se efectu\u00f3 en el despacho del Ministro de Deportes y al mismo acudieron entre otras personalidades por la Universidad Central del Este, la doctora Olga Basora Vicerrectora de Estudios de Graduados y Educaci\u00f3n Continuada y Ruth Ram\u00edrez Directora de Educaci\u00f3n Continuada.(HG)<\/span>.<\/p>\n<h6> 2013-06-27 20:52:04 <\/h6>\n<p><!--\n<link rel=\"stylesheet\" href=\"css\/bootstrap.min.css\">\n\n\n<ul class=\"pagination\">\n\t    \n\t\n\n<li >\n\t<a href='?page_no=20230'>Previous<\/a>\n\t<\/li>\n\n\n       \n    \n\n<li><a href='?page_no=1'>1<\/a><\/li>\n\n\n\n<li><a href='?page_no=2'>2<\/a><\/li>\n\n\n\n<li><a>...<\/a><\/li>\n\n\n\n<li><a href='?page_no=20229'>20229<\/a><\/li>\n\n\n\n<li><a href='?page_no=20230'>20230<\/a><\/li>\n\n\n\n<li class='active'><a>20231<\/a><\/li>\n\n\n\n<li><a href='?page_no=20232'>20232<\/a><\/li>\n\n\n\n<li><a href='?page_no=20233'>20233<\/a><\/li>\n\n\n\n<li><a>...<\/a><\/li>\n\n\n\n<li><a href='?page_no=36618'>36618<\/a><\/li>\n\n\n\n<li><a href='?page_no=36619'>36619<\/a><\/li>\n\n    \n\t\n\n<li >\n\t<a href='?page_no=20232'>Next<\/a>\n\t<\/li>\n\n\n    \n\n<li><a href='?page_no=36619'>Last &rsaquo;&rsaquo;<\/a><\/li>\n\n<\/ul>\n\n\n--><br \/>\n<\/body><\/p>\n","protected":false},"excerpt":{"rendered":"<p>Santo Domingo, RD, 27 de Junio.-El doctor Jos\u00e9 E. Haz\u00edm Frappier, Rector de la Universidad Central del Este y el doctor Jaime David Fern\u00e1ndez Mirabal, Ministro de Deportes, firmaron un acuerdo interinstitucional con el objetivo de poner el deporte al servicio del desarrollo y favorecer el establecimiento de una sociedad pac\u00edfica y comprometida con el [&hellip;]<\/p>\n","protected":false},"author":3,"featured_media":0,"comment_status":"open","ping_status":"open","sticky":false,"template":"","format":"standard","meta":{"footnotes":""},"categories":[17],"tags":[],"class_list":["post-213121","post","type-post","status-publish","format-standard","hentry","category-deportes"],"_links":{"self":[{"href":"https:\/\/diariodominicano.com\/index.php?rest_route=\/wp\/v2\/posts\/213121","targetHints":{"allow":["GET"]}}],"collection":[{"href":"https:\/\/diariodominicano.com\/index.php?rest_route=\/wp\/v2\/posts"}],"about":[{"href":"https:\/\/diariodominicano.com\/index.php?rest_route=\/wp\/v2\/types\/post"}],"author":[{"embeddable":true,"href":"https:\/\/diariodominicano.com\/index.php?rest_route=\/wp\/v2\/users\/3"}],"replies":[{"embeddable":true,"href":"https:\/\/diariodominicano.com\/index.php?rest_route=%2Fwp%2Fv2%2Fcomments&post=213121"}],"version-history":[{"count":0,"href":"https:\/\/diariodominicano.com\/index.php?rest_route=\/wp\/v2\/posts\/213121\/revisions"}],"wp:attachment":[{"href":"https:\/\/diariodominicano.com\/index.php?rest_route=%2Fwp%2Fv2%2Fmedia&parent=213121"}],"wp:term":[{"taxonomy":"category","embeddable":true,"href":"https:\/\/diariodominicano.com\/index.php?rest_route=%2Fwp%2Fv2%2Fcategories&post=213121"},{"taxonomy":"post_tag","embeddable":true,"href":"https:\/\/diariodominicano.com\/index.php?rest_route=%2Fwp%2Fv2%2Ftags&post=213121"}],"curies":[{"name":"wp","href":"https:\/\/api.w.org\/{rel}","templated":true}]}}