{"id":213119,"date":"2013-06-27T21:05:19","date_gmt":"2013-06-27T21:05:19","guid":{"rendered":"http:\/\/diariodominicano.ddns.net\/?p=213119"},"modified":"2013-06-27T21:05:19","modified_gmt":"2013-06-27T21:05:19","slug":"ecuestre-distingue-delegacion-world-dressage-challenge","status":"publish","type":"post","link":"https:\/\/diariodominicano.com\/?p=213119","title":{"rendered":"Ecuestre distingue delegaci\u00f3n World Dressage Challenge"},"content":{"rendered":"<p><body><\/p>\n<p><img decoding=\"async\" src=\"http:\/\/localhost:8080\/img3\/ecuestre.jpg\" \/>  <\/p>\n<p><span class=\"text1noticias\">Santo Domingo, RD, 27 de Junio.-La Federaci\u00f3n Dominicana de Deportes Ecuestre hizo un merecido reconocimiento a la delegaci\u00f3n que particip\u00f3 en el FEI World Dressage Challenge que tuvo lugar en el Caracas Country Club, en Venezuela.<\/span><\/p>\n<\/p>\n<p><span class=\"text1noticias\">El encuentro de entrega de reconocimientos se llev\u00f3 a cabo en el sal\u00f3n Juan Ulises Garc\u00eda Saleta del Comit\u00e9 Ol\u00edmpico Dominicano, donde la delegaci\u00f3n fue recibida por Luis Mej\u00eda y Antonio Acosta, presidente y secretario general, respectivamente, del organismo.<\/span><\/p>\n<\/p>\n<p><span class=\"text1noticias\">??Que este triunfo sirva de est\u00edmulo a los dem\u00e1s deportes, a la familia deportiva y a sus familiares??, sostuvo Luis Mej\u00eda.<\/span><\/p>\n<\/p>\n<p><span class=\"text1noticias\">En el  FEI World Dressage Challenge, Isabel S\u00e1nchez logr\u00f3 la corona y coron\u00f3 una gran actuaci\u00f3n en la final ante un nutrido grupo de jinetes representantes de Per\u00fa, Colombia, Libia, Kazastan, Zimbawe, Isla Mauricio, Singapur, Tailandia y el pa\u00eds sede, Venezuela.<\/span><\/p>\n<\/p>\n<p><span class=\"text1noticias\">La actividad estuvo conducida por el ingeniero Jos\u00e9 Manuel Ramos quien resalt\u00f3 el trabajo de la delegaci\u00f3n dominicana y se\u00f1al\u00f3 que es la primera vez que el deporte ecuestre dominicano logra el primer lugar en un evento como este.<\/span><\/p>\n<\/p>\n<p><span class=\"text1noticias\">??Isabel hizo unos recorridos limpios, prim\u00f3 la buena pr\u00e1ctica deportiva en una competici\u00f3n que fue muy re\u00f1ida??, dijo Ramos.<\/span><\/p>\n<\/p>\n<p><span class=\"text1noticias\">Adem\u00e1s de S\u00e1nchez, la Federaci\u00f3n Dominicana de Deportes Ecuestres entreg\u00f3 reconocimientos a la juvenil Mar\u00eda Jos\u00e9 de la Torre, y al entrenador Andr\u00e9s Soto.<\/span><\/p>\n<\/p>\n<p><span class=\"text1noticias\">S\u00e1chez, quien forma parte del Centro Ecuestre Nitram, de Mart\u00edn Hach\u00e9, agradeci\u00f3 la distinci\u00f3n de la federaci\u00f3n y manifest\u00f3 su intenci\u00f3n de continuar trabajando para lograr mejor resultados en competencias futuras.<\/span><\/p>\n<\/p>\n<p><span class=\"text1noticias\">En la primera clasificatoria S\u00e1nchez, al mando de su ejemplar Carnida Z, tuvo un total de 4 faltas con un tiempo de 66.49, ubic\u00e1ndose en el s\u00e9ptimo puesto.<\/span><\/p>\n<\/p>\n<p><span class=\"text1noticias\">En el encuentro estuvieron miembros del comit\u00e9 ejecutivo de la Federaci\u00f3n Dominicana de Deportes Ecuestre, as\u00ed como familiares y amigos.(HG)<\/span>.<\/p>\n<\/p>\n<h6> 2013-06-27 21:05:19 <\/h6>\n<p><!--\n<link rel=\"stylesheet\" href=\"css\/bootstrap.min.css\">\n\n\n<ul class=\"pagination\">\n\t    \n\t\n\n<li >\n\t<a href='?page_no=20228'>Previous<\/a>\n\t<\/li>\n\n\n       \n    \n\n<li><a href='?page_no=1'>1<\/a><\/li>\n\n\n\n<li><a href='?page_no=2'>2<\/a><\/li>\n\n\n\n<li><a>...<\/a><\/li>\n\n\n\n<li><a href='?page_no=20227'>20227<\/a><\/li>\n\n\n\n<li><a href='?page_no=20228'>20228<\/a><\/li>\n\n\n\n<li class='active'><a>20229<\/a><\/li>\n\n\n\n<li><a href='?page_no=20230'>20230<\/a><\/li>\n\n\n\n<li><a href='?page_no=20231'>20231<\/a><\/li>\n\n\n\n<li><a>...<\/a><\/li>\n\n\n\n<li><a href='?page_no=36618'>36618<\/a><\/li>\n\n\n\n<li><a href='?page_no=36619'>36619<\/a><\/li>\n\n    \n\t\n\n<li >\n\t<a href='?page_no=20230'>Next<\/a>\n\t<\/li>\n\n\n    \n\n<li><a href='?page_no=36619'>Last &rsaquo;&rsaquo;<\/a><\/li>\n\n<\/ul>\n\n\n--><br \/>\n<\/body><\/p>\n","protected":false},"excerpt":{"rendered":"<p>Santo Domingo, RD, 27 de Junio.-La Federaci\u00f3n Dominicana de Deportes Ecuestre hizo un merecido reconocimiento a la delegaci\u00f3n que particip\u00f3 en el FEI World Dressage Challenge que tuvo lugar en el Caracas Country Club, en Venezuela. El encuentro de entrega de reconocimientos se llev\u00f3 a cabo en el sal\u00f3n Juan Ulises Garc\u00eda Saleta del Comit\u00e9 [&hellip;]<\/p>\n","protected":false},"author":3,"featured_media":0,"comment_status":"open","ping_status":"open","sticky":false,"template":"","format":"standard","meta":{"footnotes":""},"categories":[17],"tags":[],"class_list":["post-213119","post","type-post","status-publish","format-standard","hentry","category-deportes"],"_links":{"self":[{"href":"https:\/\/diariodominicano.com\/index.php?rest_route=\/wp\/v2\/posts\/213119","targetHints":{"allow":["GET"]}}],"collection":[{"href":"https:\/\/diariodominicano.com\/index.php?rest_route=\/wp\/v2\/posts"}],"about":[{"href":"https:\/\/diariodominicano.com\/index.php?rest_route=\/wp\/v2\/types\/post"}],"author":[{"embeddable":true,"href":"https:\/\/diariodominicano.com\/index.php?rest_route=\/wp\/v2\/users\/3"}],"replies":[{"embeddable":true,"href":"https:\/\/diariodominicano.com\/index.php?rest_route=%2Fwp%2Fv2%2Fcomments&post=213119"}],"version-history":[{"count":0,"href":"https:\/\/diariodominicano.com\/index.php?rest_route=\/wp\/v2\/posts\/213119\/revisions"}],"wp:attachment":[{"href":"https:\/\/diariodominicano.com\/index.php?rest_route=%2Fwp%2Fv2%2Fmedia&parent=213119"}],"wp:term":[{"taxonomy":"category","embeddable":true,"href":"https:\/\/diariodominicano.com\/index.php?rest_route=%2Fwp%2Fv2%2Fcategories&post=213119"},{"taxonomy":"post_tag","embeddable":true,"href":"https:\/\/diariodominicano.com\/index.php?rest_route=%2Fwp%2Fv2%2Ftags&post=213119"}],"curies":[{"name":"wp","href":"https:\/\/api.w.org\/{rel}","templated":true}]}}