{"id":213118,"date":"2013-06-27T21:12:42","date_gmt":"2013-06-27T21:12:42","guid":{"rendered":"http:\/\/diariodominicano.ddns.net\/?p=213118"},"modified":"2013-06-27T21:12:42","modified_gmt":"2013-06-27T21:12:42","slug":"atletismo-despide-delegacion-va-a-centroamericano-y-del-caribe-en-curazao","status":"publish","type":"post","link":"https:\/\/diariodominicano.com\/?p=213118","title":{"rendered":"Atletismo despide delegaci\u00f3n  va a Centroamericano y del Caribe en Curazao"},"content":{"rendered":"<p><body><\/p>\n<p><img decoding=\"async\" src=\"http:\/\/localhost:8080\/img3\/delegaciones.jpg\" \/>  <\/p>\n<p><span class=\"text1noticias\">Santo Domingo, RD, 27 de Junio.-La Federaci\u00f3n Dominicana de Asociaciones de Atletismo despidi\u00f3 ayer a las delegaciones infantiles, en ambas ramas, que competir\u00e1n a partir de este s\u00e1bado en el Campeonato Centroamericano y del Caribe a celebrarse en Curazao.<\/span><\/p>\n<\/p>\n<p><span class=\"text1noticias\">La despedida de los atletas fue encabezada por el presidente de la Federaci\u00f3n de Atletismo, el atleta ol\u00edmpico, Gerardo Suero Correa, a nombre del Comit\u00e9 Ejecutivo.<\/span><\/p>\n<\/p>\n<p><span class=\"text1noticias\">\u00abLes entregamos esta bandera nacional para que la pongan en alto en ese evento internacional y que regresen triunfante\u00bb, adujo.<\/span><\/p>\n<\/p>\n<p><span class=\"text1noticias\">Dijo que aunque las medallas son importante, un buen comportamiento dentro y fuera del terreno de juego, tiene un valor incalculable para la Federaci\u00f2n y toda su familia.<\/span><\/p>\n<\/p>\n<p><span class=\"text1noticias\">Competiciones<\/span><\/p>\n<\/p>\n<p><span class=\"text1noticias\">Los atletas dominicanos en las edades de 11-12 y 13-14, en ambas ramas, estar\u00e1n compitiendo en las modalidades de Heptat\u00f3n que incluye 60 metros, salto alto, salto largo, el lanzamiento de la pelota, 1,200 metros los varones y 1000 las hembras en los 11-12 a\u00f1os.<\/span><\/p>\n<\/p>\n<p><span class=\"text1noticias\">En 13-14 a\u00f1os, competir\u00e1n en los 60 y 80 vallas, la bala, salto alto, salto largo.(HG)<\/span>.<\/p>\n<\/p>\n<\/p>\n<h6> 2013-06-27 21:12:42 <\/h6>\n<p><!--\n<link rel=\"stylesheet\" href=\"css\/bootstrap.min.css\">\n\n\n<ul class=\"pagination\">\n\t    \n\t\n\n<li >\n\t<a href='?page_no=20227'>Previous<\/a>\n\t<\/li>\n\n\n       \n    \n\n<li><a href='?page_no=1'>1<\/a><\/li>\n\n\n\n<li><a href='?page_no=2'>2<\/a><\/li>\n\n\n\n<li><a>...<\/a><\/li>\n\n\n\n<li><a href='?page_no=20226'>20226<\/a><\/li>\n\n\n\n<li><a href='?page_no=20227'>20227<\/a><\/li>\n\n\n\n<li class='active'><a>20228<\/a><\/li>\n\n\n\n<li><a href='?page_no=20229'>20229<\/a><\/li>\n\n\n\n<li><a href='?page_no=20230'>20230<\/a><\/li>\n\n\n\n<li><a>...<\/a><\/li>\n\n\n\n<li><a href='?page_no=36618'>36618<\/a><\/li>\n\n\n\n<li><a href='?page_no=36619'>36619<\/a><\/li>\n\n    \n\t\n\n<li >\n\t<a href='?page_no=20229'>Next<\/a>\n\t<\/li>\n\n\n    \n\n<li><a href='?page_no=36619'>Last &rsaquo;&rsaquo;<\/a><\/li>\n\n<\/ul>\n\n\n--><br \/>\n<\/body><\/p>\n","protected":false},"excerpt":{"rendered":"<p>Santo Domingo, RD, 27 de Junio.-La Federaci\u00f3n Dominicana de Asociaciones de Atletismo despidi\u00f3 ayer a las delegaciones infantiles, en ambas ramas, que competir\u00e1n a partir de este s\u00e1bado en el Campeonato Centroamericano y del Caribe a celebrarse en Curazao. La despedida de los atletas fue encabezada por el presidente de la Federaci\u00f3n de Atletismo, el [&hellip;]<\/p>\n","protected":false},"author":3,"featured_media":0,"comment_status":"open","ping_status":"open","sticky":false,"template":"","format":"standard","meta":{"footnotes":""},"categories":[17],"tags":[],"class_list":["post-213118","post","type-post","status-publish","format-standard","hentry","category-deportes"],"_links":{"self":[{"href":"https:\/\/diariodominicano.com\/index.php?rest_route=\/wp\/v2\/posts\/213118","targetHints":{"allow":["GET"]}}],"collection":[{"href":"https:\/\/diariodominicano.com\/index.php?rest_route=\/wp\/v2\/posts"}],"about":[{"href":"https:\/\/diariodominicano.com\/index.php?rest_route=\/wp\/v2\/types\/post"}],"author":[{"embeddable":true,"href":"https:\/\/diariodominicano.com\/index.php?rest_route=\/wp\/v2\/users\/3"}],"replies":[{"embeddable":true,"href":"https:\/\/diariodominicano.com\/index.php?rest_route=%2Fwp%2Fv2%2Fcomments&post=213118"}],"version-history":[{"count":0,"href":"https:\/\/diariodominicano.com\/index.php?rest_route=\/wp\/v2\/posts\/213118\/revisions"}],"wp:attachment":[{"href":"https:\/\/diariodominicano.com\/index.php?rest_route=%2Fwp%2Fv2%2Fmedia&parent=213118"}],"wp:term":[{"taxonomy":"category","embeddable":true,"href":"https:\/\/diariodominicano.com\/index.php?rest_route=%2Fwp%2Fv2%2Fcategories&post=213118"},{"taxonomy":"post_tag","embeddable":true,"href":"https:\/\/diariodominicano.com\/index.php?rest_route=%2Fwp%2Fv2%2Ftags&post=213118"}],"curies":[{"name":"wp","href":"https:\/\/api.w.org\/{rel}","templated":true}]}}