{"id":213110,"date":"2013-06-28T20:33:54","date_gmt":"2013-06-28T20:33:54","guid":{"rendered":"http:\/\/diariodominicano.ddns.net\/?p=213110"},"modified":"2013-06-28T20:33:54","modified_gmt":"2013-06-28T20:33:54","slug":"liga-aprueba-calendario-del-proximo-torneo-de-la-pelota-otono-invernal","status":"publish","type":"post","link":"https:\/\/diariodominicano.com\/?p=213110","title":{"rendered":"Liga aprueba calendario del pr\u00f3ximo torneo de la pelota oto\u00f1o-invernal"},"content":{"rendered":"<p><body><\/p>\n<p>Santo Domingo RD 28 junio.- La Liga de B\u00e9isbol (Lidom) aprob\u00f3 este jueves el calendario que regir\u00e1 la temporada oto\u00f1o invernal 2013-2014, dedicado al ex presidente de los Tigres del Licey, Miguel Hedded .<\/p>\n<\/p>\n<p>En una reuni\u00f3n que se celebr\u00f3 en el segundo piso de la sede de la Lidom, se fij\u00f3 iniciar el campeonato el viernes 18 de octubre con partidos en Santo Domingo, Santiago y San Pedro de Macor\u00eds, esta \u00faltima ciudad donde se realizar\u00e1 la ceremonia inaugural del torneo .<\/p>\n<\/p>\n<p>Los Leones del Escogido reciben a los Tigres del Licey en el Estadio Quisqueya, mientras que los Gigantes del Cibao visitar\u00e1n a las \u00c1guilas Cibae\u00f1as en el parque Cibao. En tanto, los Toros del Este se enfrentar\u00e1n a las Estrellas Orientales en el Tetelo Vargas .<\/p>\n<\/p>\n<p>Como elemento importante se destaca el hecho de que el lunes 21 de octubre se jugar\u00e1n dos partidos, Estrellas y Leones en el Quisqueya y Licey y Gigantes en el Juli\u00e1n Javier .<\/p>\n<\/p>\n<p>Igualmente, habr\u00e1 dos encuentros el domingo 1 de diciembre, Licey contra Leones y Estrellas frente a Toros, este \u00faltimo d\u00eda se llevar\u00e1 a cabo el espect\u00e1culo \u00abQui\u00e9reme como Soy\u00bb en el Estadio Cibao, cuyo juego entre Gigantes y \u00c1guilas fue trasladado para el lunes 18 de noviembre .<\/p>\n<\/p>\n<p>Seg\u00fan el calendario los juegos en Santo Domingo y San Francisco de Macor\u00eds, se iniciar\u00e1n a las 7:30 de la noche de lunes a viernes, y s\u00e1bados, domingos y d\u00edas feriados a las 5:00 de la tarde.<\/p>\n<\/p>\n<p>En tanto, en La Romana y Santiago empezar\u00e1n de lunes a s\u00e1bado a las 7:30 y domingos y d\u00edas feriados a las 5:00 de la tarde. Mientras que en San Pedro de Macor\u00eds iniciar\u00e1 a las 8:00 de la noche de lunes a s\u00e1bado y domingo y d\u00edas feriados a las 5 de la tarde.<\/p>\n<\/p>\n<\/p>\n<h6> 2013-06-28 20:33:54 <\/h6>\n<p><!--\n<link rel=\"stylesheet\" href=\"css\/bootstrap.min.css\">\n\n\n<ul class=\"pagination\">\n\t    \n\t\n\n<li >\n\t<a href='?page_no=20219'>Previous<\/a>\n\t<\/li>\n\n\n       \n    \n\n<li><a href='?page_no=1'>1<\/a><\/li>\n\n\n\n<li><a href='?page_no=2'>2<\/a><\/li>\n\n\n\n<li><a>...<\/a><\/li>\n\n\n\n<li><a href='?page_no=20218'>20218<\/a><\/li>\n\n\n\n<li><a href='?page_no=20219'>20219<\/a><\/li>\n\n\n\n<li class='active'><a>20220<\/a><\/li>\n\n\n\n<li><a href='?page_no=20221'>20221<\/a><\/li>\n\n\n\n<li><a href='?page_no=20222'>20222<\/a><\/li>\n\n\n\n<li><a>...<\/a><\/li>\n\n\n\n<li><a href='?page_no=36618'>36618<\/a><\/li>\n\n\n\n<li><a href='?page_no=36619'>36619<\/a><\/li>\n\n    \n\t\n\n<li >\n\t<a href='?page_no=20221'>Next<\/a>\n\t<\/li>\n\n\n    \n\n<li><a href='?page_no=36619'>Last &rsaquo;&rsaquo;<\/a><\/li>\n\n<\/ul>\n\n\n--><br \/>\n<\/body><\/p>\n","protected":false},"excerpt":{"rendered":"<p>Santo Domingo RD 28 junio.- La Liga de B\u00e9isbol (Lidom) aprob\u00f3 este jueves el calendario que regir\u00e1 la temporada oto\u00f1o invernal 2013-2014, dedicado al ex presidente de los Tigres del Licey, Miguel Hedded . En una reuni\u00f3n que se celebr\u00f3 en el segundo piso de la sede de la Lidom, se fij\u00f3 iniciar el campeonato [&hellip;]<\/p>\n","protected":false},"author":3,"featured_media":0,"comment_status":"open","ping_status":"open","sticky":false,"template":"","format":"standard","meta":{"footnotes":""},"categories":[17],"tags":[],"class_list":["post-213110","post","type-post","status-publish","format-standard","hentry","category-deportes"],"_links":{"self":[{"href":"https:\/\/diariodominicano.com\/index.php?rest_route=\/wp\/v2\/posts\/213110","targetHints":{"allow":["GET"]}}],"collection":[{"href":"https:\/\/diariodominicano.com\/index.php?rest_route=\/wp\/v2\/posts"}],"about":[{"href":"https:\/\/diariodominicano.com\/index.php?rest_route=\/wp\/v2\/types\/post"}],"author":[{"embeddable":true,"href":"https:\/\/diariodominicano.com\/index.php?rest_route=\/wp\/v2\/users\/3"}],"replies":[{"embeddable":true,"href":"https:\/\/diariodominicano.com\/index.php?rest_route=%2Fwp%2Fv2%2Fcomments&post=213110"}],"version-history":[{"count":0,"href":"https:\/\/diariodominicano.com\/index.php?rest_route=\/wp\/v2\/posts\/213110\/revisions"}],"wp:attachment":[{"href":"https:\/\/diariodominicano.com\/index.php?rest_route=%2Fwp%2Fv2%2Fmedia&parent=213110"}],"wp:term":[{"taxonomy":"category","embeddable":true,"href":"https:\/\/diariodominicano.com\/index.php?rest_route=%2Fwp%2Fv2%2Fcategories&post=213110"},{"taxonomy":"post_tag","embeddable":true,"href":"https:\/\/diariodominicano.com\/index.php?rest_route=%2Fwp%2Fv2%2Ftags&post=213110"}],"curies":[{"name":"wp","href":"https:\/\/api.w.org\/{rel}","templated":true}]}}