{"id":213102,"date":"2013-06-29T17:41:06","date_gmt":"2013-06-29T17:41:06","guid":{"rendered":"http:\/\/diariodominicano.ddns.net\/?p=213102"},"modified":"2013-06-29T17:41:06","modified_gmt":"2013-06-29T17:41:06","slug":"josefina-pimentel-resalta-copa-internacional-atletismo","status":"publish","type":"post","link":"https:\/\/diariodominicano.com\/?p=213102","title":{"rendered":"Josefina Pimentel resalta Copa Internacional Atletismo"},"content":{"rendered":"<p><body><\/p>\n<p><img decoding=\"async\" src=\"http:\/\/localhost:8080\/img3\/Atletismo.jpg\" \/>  <\/p>\n<p><span class=\"text1noticias\">Santo Domingo, RD, 29 de Junio.-La ministra de Educaci\u00f3n, doctora Josefina Pimentel calific\u00f3 este s\u00e1bado como muy positiva la celebraci\u00f3n en el pa\u00eds de la Copa Internacional de Atletismo Escolar,  al tiempo que ratific\u00f3 su disposici\u00f3n de continuar el trabajo un\u00e1nime con el Ministerio de Deportes.<\/span><\/p>\n<\/p>\n<p><span class=\"text1noticias\">\u00abEste evento permite que nuestros estudiantes tengan la oportunidad de compartir con otros pa\u00edses y fortaleces sus destrezas en el campo del atletismo\u00bb, manifest\u00f3 Pimentel durante el acto de apertura del evento que se inici\u00f3 en la pista de atletismo F\u00e9lix S\u00e1nchez, del Centro Ol\u00edmpico Juan Pablo Duarte, y que terminar\u00e1 este domingo.<\/span><\/p>\n<\/p>\n<p><span class=\"text1noticias\">En la justa compiten atletas estudiantes de Cuba, Panam\u00e1, Estados Unidos, Hait\u00ed, Puerto Rico y Republica Dominicana.<\/span><\/p>\n<\/p>\n<p><span class=\"text1noticias\">\u00abEste tipo de competencia fomenta el amor de los estudiantes por el deporte y su sentido de pertenencia a la patria al vestir la franela de su pa\u00eds, adem\u00e1s de que promueve la integraci\u00f3n con pa\u00edses del \u00e1rea\u00bb, sostuvo Pimentel a quien est\u00e1 dedicada la justa que se inici\u00f3 cuando ejecuto el disparo de honor.<\/span><\/p>\n<\/p>\n<p><span class=\"text1noticias\">\u00abEs muy formativa en todos los sentidos ya que promueve un espacio de fortalecimiento de sus habilidades y destrezas en el atletismo pero tambi\u00e9n fomenta el esp\u00edritu deportivo la amistad y la colaboraci\u00f3n entre los pueblos\u00bb, a\u00f1adi\u00f3.<\/span><\/p>\n<\/p>\n<p><span class=\"text1noticias\">Dijo adem\u00e1s que los eventos deportivos promueven un proyecto de vida en ellos formado en valores sanos, en el cuidado del cuerpo y de su propia alimentaci\u00f3n.<\/span><\/p>\n<\/p>\n<p><span class=\"text1noticias\">Tambi\u00e9n se mostr\u00f3 dispuesta a seguir con el trabajo mancomunado con el ministro de Deportes, doctor Jaime David Fern\u00e1ndez Mirabal. \u00abSeguir\u00e1 la colaboraci\u00f3n entre el ministerio de Educaci\u00f3n y Deportes, cada uno en su \u00e1mbito de responsabilidad y en su misi\u00f3n.<\/span><\/p>\n<\/p>\n<p><span class=\"text1noticias\">Marcos D\u00edaz y Gerardo Suero Correa<\/span><\/p>\n<\/p>\n<p><span class=\"text1noticias\">De su lado, el viceministro Marcos D\u00edaz, quien pronunci\u00f3 las palabras centrales, dijo que el futuro del atletismo en el pa\u00eds promisorio porque de los 18 convivios escolares que se han celebrado, es de donde saldr\u00e1 la pr\u00f3xima generaci\u00f3n de competidores.<\/span><\/p>\n<\/p>\n<p><span class=\"text1noticias\">Aclar\u00f3 que los avances en el atletismo se debe a la decisi\u00f3n del ministro de Deportes, doctor Jaime David Fern\u00e1ndez Mirabal, quien desde que asumi\u00f3 el cargo ha venido promoviendo los convivios escolares, haciendo hincapi\u00e9s en el atletismo.<\/span><\/p>\n<\/p>\n<p><span class=\"text1noticias\">El presidente de la Federaci\u00f3n de Asociaci\u00f3n de Atletismo, Gerardo Suero Correa, dijo que \u00abestamos en el camino correcto, se\u00f1or Ministro. De estos convivios saldr\u00e1n las nuevas figuras del atletismo dominicano\u00bb.<\/span><\/p>\n<\/p>\n<p><span class=\"text1noticias\">En el acto de apertura, que fue encabezado por el ministro de Deportes, doctor  Fern\u00e1ndez Mirabal, cont\u00f3 con la participaci\u00f3n  del viceministro de Deportes Soterio Ram\u00edrez, as\u00ed como el sub director del Instituto Nacional de Educaci\u00f3n F\u00edsica Escolar (INEFI), profesor Nelson Acevedo, y Yadhira Bruno, directora de Deportes Escolar.(HG)<\/span>.<\/p>\n<\/p>\n<h6> 2013-06-29 17:41:06 <\/h6>\n<p><!--\n<link rel=\"stylesheet\" href=\"css\/bootstrap.min.css\">\n\n\n<ul class=\"pagination\">\n\t    \n\t\n\n<li >\n\t<a href='?page_no=20211'>Previous<\/a>\n\t<\/li>\n\n\n       \n    \n\n<li><a href='?page_no=1'>1<\/a><\/li>\n\n\n\n<li><a href='?page_no=2'>2<\/a><\/li>\n\n\n\n<li><a>...<\/a><\/li>\n\n\n\n<li><a href='?page_no=20210'>20210<\/a><\/li>\n\n\n\n<li><a href='?page_no=20211'>20211<\/a><\/li>\n\n\n\n<li class='active'><a>20212<\/a><\/li>\n\n\n\n<li><a href='?page_no=20213'>20213<\/a><\/li>\n\n\n\n<li><a href='?page_no=20214'>20214<\/a><\/li>\n\n\n\n<li><a>...<\/a><\/li>\n\n\n\n<li><a href='?page_no=36618'>36618<\/a><\/li>\n\n\n\n<li><a href='?page_no=36619'>36619<\/a><\/li>\n\n    \n\t\n\n<li >\n\t<a href='?page_no=20213'>Next<\/a>\n\t<\/li>\n\n\n    \n\n<li><a href='?page_no=36619'>Last &rsaquo;&rsaquo;<\/a><\/li>\n\n<\/ul>\n\n\n--><br \/>\n<\/body><\/p>\n","protected":false},"excerpt":{"rendered":"<p>Santo Domingo, RD, 29 de Junio.-La ministra de Educaci\u00f3n, doctora Josefina Pimentel calific\u00f3 este s\u00e1bado como muy positiva la celebraci\u00f3n en el pa\u00eds de la Copa Internacional de Atletismo Escolar, al tiempo que ratific\u00f3 su disposici\u00f3n de continuar el trabajo un\u00e1nime con el Ministerio de Deportes. \u00abEste evento permite que nuestros estudiantes tengan la oportunidad [&hellip;]<\/p>\n","protected":false},"author":3,"featured_media":0,"comment_status":"open","ping_status":"open","sticky":false,"template":"","format":"standard","meta":{"footnotes":""},"categories":[17],"tags":[],"class_list":["post-213102","post","type-post","status-publish","format-standard","hentry","category-deportes"],"_links":{"self":[{"href":"https:\/\/diariodominicano.com\/index.php?rest_route=\/wp\/v2\/posts\/213102","targetHints":{"allow":["GET"]}}],"collection":[{"href":"https:\/\/diariodominicano.com\/index.php?rest_route=\/wp\/v2\/posts"}],"about":[{"href":"https:\/\/diariodominicano.com\/index.php?rest_route=\/wp\/v2\/types\/post"}],"author":[{"embeddable":true,"href":"https:\/\/diariodominicano.com\/index.php?rest_route=\/wp\/v2\/users\/3"}],"replies":[{"embeddable":true,"href":"https:\/\/diariodominicano.com\/index.php?rest_route=%2Fwp%2Fv2%2Fcomments&post=213102"}],"version-history":[{"count":0,"href":"https:\/\/diariodominicano.com\/index.php?rest_route=\/wp\/v2\/posts\/213102\/revisions"}],"wp:attachment":[{"href":"https:\/\/diariodominicano.com\/index.php?rest_route=%2Fwp%2Fv2%2Fmedia&parent=213102"}],"wp:term":[{"taxonomy":"category","embeddable":true,"href":"https:\/\/diariodominicano.com\/index.php?rest_route=%2Fwp%2Fv2%2Fcategories&post=213102"},{"taxonomy":"post_tag","embeddable":true,"href":"https:\/\/diariodominicano.com\/index.php?rest_route=%2Fwp%2Fv2%2Ftags&post=213102"}],"curies":[{"name":"wp","href":"https:\/\/api.w.org\/{rel}","templated":true}]}}