{"id":213101,"date":"2013-06-29T18:42:07","date_gmt":"2013-06-29T18:42:07","guid":{"rendered":"http:\/\/diariodominicano.ddns.net\/?p=213101"},"modified":"2013-06-29T18:42:07","modified_gmt":"2013-06-29T18:42:07","slug":"osiris-guzman-anuncia-copa-femenina-de-futbol","status":"publish","type":"post","link":"https:\/\/diariodominicano.com\/?p=213101","title":{"rendered":"Osiris Guzm\u00e1n anuncia Copa Femenina de F\u00fatbol"},"content":{"rendered":"<p><body><\/p>\n<p><span class=\"text1noticias\">Santo Domingo, RD, 29 de Junio.-El presidente de la Federaci\u00f3n Dominicana de F\u00fatbol (FEDOFUTBOL), Osiris Guzm\u00e1n, anunci\u00f3 la celebraci\u00f3n la Copa Femenina de F\u00fatbol.<\/span><\/p>\n<\/p>\n<p><span class=\"text1noticias\">El m\u00e1ximo dirigente del f\u00fatbol dominicano precis\u00f3 que este evento se llevar\u00e1 a cabo del 9 al 14 del mes de julio, en el Estadio Panamericano, ubicado en la provincia de San Crist\u00f3bal.<\/span><\/p>\n<\/p>\n<p><span class=\"text1noticias\">Adelant\u00f3 que participar\u00e1n las selecciones de Aruba y Trinidad y Tobago y que la semifinal se desarrollar\u00e1 en el mes de agosto en la Isla de Puerto Rico.<\/span><\/p>\n<\/p>\n<p><span class=\"text1noticias\">Signific\u00f3 que las selecciones extranjeras arribar\u00e1n al pa\u00eds el 7 del mes de julio.<\/span><\/p>\n<\/p>\n<p><span class=\"text1noticias\">Manifest\u00f3 que reina gran expectativa con relaci\u00f3n a este evento deportivo y que en los actuales momentos el f\u00fatbol en la Rep\u00fablica Dominicana  se encuentra consolidado.<\/span><\/p>\n<\/p>\n<p><span class=\"text1noticias\">Agreg\u00f3 que despu\u00e9s de la visita del presidente de la FIFA se\u00f1or Joseph Blatter al pa\u00eds, el cual fue recibido por el presidente Danilo Medina en el Palacio Nacional y por ende con el anuncio del jefe del Estado dominicano de que la disciplina del f\u00fatbol ser\u00eda impartida en las Escuela del pa\u00eds esto ha contribuido notablemente.(HG)<\/span>.<\/p>\n<\/p>\n<\/p>\n<h6> 2013-06-29 18:42:07 <\/h6>\n<p><!--\n<link rel=\"stylesheet\" href=\"css\/bootstrap.min.css\">\n\n\n<ul class=\"pagination\">\n\t    \n\t\n\n<li >\n\t<a href='?page_no=20210'>Previous<\/a>\n\t<\/li>\n\n\n       \n    \n\n<li><a href='?page_no=1'>1<\/a><\/li>\n\n\n\n<li><a href='?page_no=2'>2<\/a><\/li>\n\n\n\n<li><a>...<\/a><\/li>\n\n\n\n<li><a href='?page_no=20209'>20209<\/a><\/li>\n\n\n\n<li><a href='?page_no=20210'>20210<\/a><\/li>\n\n\n\n<li class='active'><a>20211<\/a><\/li>\n\n\n\n<li><a href='?page_no=20212'>20212<\/a><\/li>\n\n\n\n<li><a href='?page_no=20213'>20213<\/a><\/li>\n\n\n\n<li><a>...<\/a><\/li>\n\n\n\n<li><a href='?page_no=36618'>36618<\/a><\/li>\n\n\n\n<li><a href='?page_no=36619'>36619<\/a><\/li>\n\n    \n\t\n\n<li >\n\t<a href='?page_no=20212'>Next<\/a>\n\t<\/li>\n\n\n    \n\n<li><a href='?page_no=36619'>Last &rsaquo;&rsaquo;<\/a><\/li>\n\n<\/ul>\n\n\n--><br \/>\n<\/body><\/p>\n","protected":false},"excerpt":{"rendered":"<p>Santo Domingo, RD, 29 de Junio.-El presidente de la Federaci\u00f3n Dominicana de F\u00fatbol (FEDOFUTBOL), Osiris Guzm\u00e1n, anunci\u00f3 la celebraci\u00f3n la Copa Femenina de F\u00fatbol. El m\u00e1ximo dirigente del f\u00fatbol dominicano precis\u00f3 que este evento se llevar\u00e1 a cabo del 9 al 14 del mes de julio, en el Estadio Panamericano, ubicado en la provincia de [&hellip;]<\/p>\n","protected":false},"author":3,"featured_media":0,"comment_status":"open","ping_status":"open","sticky":false,"template":"","format":"standard","meta":{"footnotes":""},"categories":[17],"tags":[],"class_list":["post-213101","post","type-post","status-publish","format-standard","hentry","category-deportes"],"_links":{"self":[{"href":"https:\/\/diariodominicano.com\/index.php?rest_route=\/wp\/v2\/posts\/213101","targetHints":{"allow":["GET"]}}],"collection":[{"href":"https:\/\/diariodominicano.com\/index.php?rest_route=\/wp\/v2\/posts"}],"about":[{"href":"https:\/\/diariodominicano.com\/index.php?rest_route=\/wp\/v2\/types\/post"}],"author":[{"embeddable":true,"href":"https:\/\/diariodominicano.com\/index.php?rest_route=\/wp\/v2\/users\/3"}],"replies":[{"embeddable":true,"href":"https:\/\/diariodominicano.com\/index.php?rest_route=%2Fwp%2Fv2%2Fcomments&post=213101"}],"version-history":[{"count":0,"href":"https:\/\/diariodominicano.com\/index.php?rest_route=\/wp\/v2\/posts\/213101\/revisions"}],"wp:attachment":[{"href":"https:\/\/diariodominicano.com\/index.php?rest_route=%2Fwp%2Fv2%2Fmedia&parent=213101"}],"wp:term":[{"taxonomy":"category","embeddable":true,"href":"https:\/\/diariodominicano.com\/index.php?rest_route=%2Fwp%2Fv2%2Fcategories&post=213101"},{"taxonomy":"post_tag","embeddable":true,"href":"https:\/\/diariodominicano.com\/index.php?rest_route=%2Fwp%2Fv2%2Ftags&post=213101"}],"curies":[{"name":"wp","href":"https:\/\/api.w.org\/{rel}","templated":true}]}}