{"id":213088,"date":"2013-07-01T15:46:36","date_gmt":"2013-07-01T15:46:36","guid":{"rendered":"http:\/\/diariodominicano.ddns.net\/?p=213088"},"modified":"2013-07-01T15:46:36","modified_gmt":"2013-07-01T15:46:36","slug":"brasil-golea-a-espana-y-gana-la-confederaciones","status":"publish","type":"post","link":"https:\/\/diariodominicano.com\/?p=213088","title":{"rendered":"Brasil golea a Espa\u00f1a y gana la Confederaciones"},"content":{"rendered":"<p><body><\/p>\n<p><img decoding=\"async\" src=\"img3\/gana 1.jpeg\" \/>  <\/p>\n<p>COPA<\/p>\n<p>Brasil golea a Espa\u00f1a y gana la Confederaciones<\/p>\n<p>Fred Marc\u00f3 dos goles y Neymar agreg\u00f3 otro en un repleto estadio Maracan\u00e1<\/p>\n<\/p>\n<p>Celebraci\u00f3n. Integrantes del equipo de Brasil festejan tras obtener la Copa Confederaciones al superar a Espa\u00f1a en el partido por el campeonato.<\/p>\n<\/p>\n<\/p>\n<p>AP<\/p>\n<p>R\u00edo de Janeiro<\/p>\n<p>Brasil envi\u00f3 un potente mensaje a Espa\u00f1a y el resto de las potencias del f\u00fatbol: ser\u00e1 cuesta arriba ganarle en la Copa del Mundo del pr\u00f3ximo a\u00f1o en su casa.<\/p>\n<\/p>\n<p>Fred marc\u00f3 un doblete, Neymar agreg\u00f3 otro gol \u00f3de gran clase\u00f3 y Brasil, ante un p\u00fablico delirante que colm\u00f3 el estadio Maracan\u00e1, derrot\u00f3 el domingo 3-0 a Espa\u00f1a en la final de la Copa Confederaciones.<\/p>\n<\/p>\n<p>Fue una exhibici\u00f3n de lujo del mejor Brasil en mucho tiempo, ante un campe\u00f3n mundial desconocido que perd\u00eda 1-0 luego de apenas 95 segundos y que fue cuesta abajo desde entonces. Sin duda un toque de atenci\u00f3n para Espa\u00f1a, que ven\u00eda con un desgaste adicional por haber jugado una pr\u00f3rroga y definici\u00f3n de penales en semifinales contra Italia, y que tuvo un d\u00eda menos de descanso que Brasil.<\/p>\n<\/p>\n<p>Espa\u00f1a perdi\u00f3 por primera vez desde noviembre de 2011, cuando cay\u00f3 1-0 en un amistoso contra Inglaterra en Londres, una seguidilla invicta de 26 encuentros. Toda racha debe terminar, pero en este caso la forma fue inesperada incluso para el m\u00e1s ferviente hincha brasile\u00f1o.<\/p>\n<\/p>\n<p>En la previa se hablaba de una final so\u00f1ada, el campe\u00f3n del mundo y Europa, la mejor selecci\u00f3n de los \u00faltimos a\u00f1os, frente al anfitri\u00f3n de la Confederaciones y del Mundial, en un escenario incomparable como el Maracan\u00e1. Brasil jug\u00f3 de ensue\u00f1o, y sue\u00f1a con su sexta corona mundial. Lo de Espa\u00f1a fue toda una pesadilla.<\/p>\n<\/p>\n<p>Fred madrug\u00f3 a Espa\u00f1a y puso a delirar a la torcida a los dos minutos, cuando Hulk mand\u00f3 un centro desde la derecha y Neymar, casi sin querer, baj\u00f3 la pelota dentro del \u00e1rea chica. El delantero del Fluminense, acostumbrado a meter algunos goles ins\u00f3litos, se hab\u00eda ca\u00eddo en el brinco, pero empuj\u00f3 la pelota desde el suelo para abrir la cuenta.<\/p>\n<\/p>\n<p>Delirio en el Maracan\u00e1, y coros provocadores de \u00abtiminho\u00bb (equipito) de los m\u00e1s de 75.000 espectadores que pintaron de amarillo las gradas del famoso estadio en R\u00edo de Janeiro. Brasil pis\u00f3 el acelerador y mantuvo una presi\u00f3n fren\u00e9tica, casi insostenible. No dej\u00f3 a Espa\u00f1a salir con el bal\u00f3n, interrumpi\u00f3 los canales de circulaci\u00f3n, y asfixi\u00f3 a Xavi Hern\u00e1ndez y Andr\u00e9s Iniesta en el centro de campo. David Luiz, que sac\u00f3 una pelota de la raya a los 41 minutos, fue un muro en la \u00faltima l\u00ednea, mientras la velocidad de Neymar amenazaba constantemente por la banda izquierda.<\/p>\n<\/p>\n<p>Xavi, Iniesta y los otros futbolistas del Barcelona en la Roja presenciaron de primera mano al que ser\u00e1 su compa\u00f1ero de club la pr\u00f3xima temporada. Y lo que vieron tiene que gustarles.<\/p>\n<\/p>\n<p>Neymar hizo el segundo a los 44, al recibir pase de Oscar y fusilar al portero Iker Casillas con un zurdazo al \u00e1ngulo.<\/p>\n<\/p>\n<p>Espa\u00f1a no hab\u00eda terminado de plantarse en la cancha en el segundo tiempo cuando lleg\u00f3 el quinto gol de Fred en el campeonato. Pase entre l\u00edneas de Hulk, que Neymar dej\u00f3 pasar, y definici\u00f3n de zurda de Fred.      3-0 y a otra cosa.<\/p>\n<\/p>\n<p>La Roja tuvo una oportunidad inmejorable de descontar a los 55 despu\u00e9s que Marcelo derrib\u00f3 a Jes\u00fas Navas dentro del \u00e1rea. Sin embargo, Sergio Ramos tir\u00f3 el penal afuera.<\/p>\n<h6> 2013-07-01 15:46:36 <\/h6>\n<p><!--\n<link rel=\"stylesheet\" href=\"css\/bootstrap.min.css\">\n\n\n<ul class=\"pagination\">\n\t    \n\t\n\n<li >\n\t<a href='?page_no=20197'>Previous<\/a>\n\t<\/li>\n\n\n       \n    \n\n<li><a href='?page_no=1'>1<\/a><\/li>\n\n\n\n<li><a href='?page_no=2'>2<\/a><\/li>\n\n\n\n<li><a>...<\/a><\/li>\n\n\n\n<li><a href='?page_no=20196'>20196<\/a><\/li>\n\n\n\n<li><a href='?page_no=20197'>20197<\/a><\/li>\n\n\n\n<li class='active'><a>20198<\/a><\/li>\n\n\n\n<li><a href='?page_no=20199'>20199<\/a><\/li>\n\n\n\n<li><a href='?page_no=20200'>20200<\/a><\/li>\n\n\n\n<li><a>...<\/a><\/li>\n\n\n\n<li><a href='?page_no=36618'>36618<\/a><\/li>\n\n\n\n<li><a href='?page_no=36619'>36619<\/a><\/li>\n\n    \n\t\n\n<li >\n\t<a href='?page_no=20199'>Next<\/a>\n\t<\/li>\n\n\n    \n\n<li><a href='?page_no=36619'>Last &rsaquo;&rsaquo;<\/a><\/li>\n\n<\/ul>\n\n\n--><br \/>\n<\/body><\/p>\n","protected":false},"excerpt":{"rendered":"<p>COPA Brasil golea a Espa\u00f1a y gana la Confederaciones Fred Marc\u00f3 dos goles y Neymar agreg\u00f3 otro en un repleto estadio Maracan\u00e1 Celebraci\u00f3n. Integrantes del equipo de Brasil festejan tras obtener la Copa Confederaciones al superar a Espa\u00f1a en el partido por el campeonato. AP R\u00edo de Janeiro Brasil envi\u00f3 un potente mensaje a Espa\u00f1a [&hellip;]<\/p>\n","protected":false},"author":3,"featured_media":0,"comment_status":"open","ping_status":"open","sticky":false,"template":"","format":"standard","meta":{"footnotes":""},"categories":[17],"tags":[],"class_list":["post-213088","post","type-post","status-publish","format-standard","hentry","category-deportes"],"_links":{"self":[{"href":"https:\/\/diariodominicano.com\/index.php?rest_route=\/wp\/v2\/posts\/213088","targetHints":{"allow":["GET"]}}],"collection":[{"href":"https:\/\/diariodominicano.com\/index.php?rest_route=\/wp\/v2\/posts"}],"about":[{"href":"https:\/\/diariodominicano.com\/index.php?rest_route=\/wp\/v2\/types\/post"}],"author":[{"embeddable":true,"href":"https:\/\/diariodominicano.com\/index.php?rest_route=\/wp\/v2\/users\/3"}],"replies":[{"embeddable":true,"href":"https:\/\/diariodominicano.com\/index.php?rest_route=%2Fwp%2Fv2%2Fcomments&post=213088"}],"version-history":[{"count":0,"href":"https:\/\/diariodominicano.com\/index.php?rest_route=\/wp\/v2\/posts\/213088\/revisions"}],"wp:attachment":[{"href":"https:\/\/diariodominicano.com\/index.php?rest_route=%2Fwp%2Fv2%2Fmedia&parent=213088"}],"wp:term":[{"taxonomy":"category","embeddable":true,"href":"https:\/\/diariodominicano.com\/index.php?rest_route=%2Fwp%2Fv2%2Fcategories&post=213088"},{"taxonomy":"post_tag","embeddable":true,"href":"https:\/\/diariodominicano.com\/index.php?rest_route=%2Fwp%2Fv2%2Ftags&post=213088"}],"curies":[{"name":"wp","href":"https:\/\/api.w.org\/{rel}","templated":true}]}}