{"id":213063,"date":"2013-07-02T23:17:32","date_gmt":"2013-07-02T23:17:32","guid":{"rendered":"http:\/\/diariodominicano.ddns.net\/?p=213063"},"modified":"2013-07-02T23:17:32","modified_gmt":"2013-07-02T23:17:32","slug":"inauguran-torneo-de-baloncesto-sub-25-santo-domingo-oeste","status":"publish","type":"post","link":"https:\/\/diariodominicano.com\/?p=213063","title":{"rendered":"&#13;Inauguran Torneo de Baloncesto Sub-25 Santo Domingo Oeste"},"content":{"rendered":"<p><body><\/p>\n<p><img decoding=\"async\" src=\"img3\/saque.jpg\" \/>  <\/p>\n<p><span class=\"text1noticias\">Santo Domingo, RD, 2 de Julio.-La Asociaci\u00f3n de Clubes de Santo Domingo Oeste (Aclusdoeste), inaugur\u00f3 este fin de semana el 1er Torneo de Baloncesto Sub-25 del municipio, con dedicatoria especial a Carolina Cruz, esposa del ex lanzador de Grandes Ligas, Pedro Mart\u00ednez.<\/span><\/p>\n<\/p>\n<p><span class=\"text1noticias\">Miles de personas de todo el municipio se dieron cita para presenciar el inicio del evento deportivo de mayor envergadura de los \u00faltimos a\u00f1os en esa localidad.<\/span><\/p>\n<\/p>\n<p><span class=\"text1noticias\">Las palabras de apertura del evento estuvieron a cargo del gobernador Juan Fr\u00edas, momentos en que salud\u00f3 la iniciativa del torneo.<\/span><\/p>\n<\/p>\n<p><span class=\"text1noticias\">\u00abDebemos de fomentar acciones como \u00e9stas en todo el territorio nacional. Yo me comprometo aqu\u00ed, ante ustedes y el Comit\u00e9 Organizador en ayudar econ\u00f3micamente a este torneo\u00bb, expres\u00f3 Fr\u00edas.<\/span><\/p>\n<\/p>\n<p><span class=\"text1noticias\">El discurso central estuvo a cargo del doctor Alberto D\u00edaz, presidente del Comit\u00e9 Organizador, quien agradeci\u00f3 el apoyo brindado al evento.<\/span><\/p>\n<\/p>\n<p><span class=\"text1noticias\">\u00abDejamos formalmente inaugurado este Torneo de Baloncesto Sub-25, con apoyo y entusiasmo decidido a la juventud de Santo Domingo Oeste. Damos nuestro agradecimiento al alcalde Francis Pe\u00f1a, al Gobernador Juan Fr\u00edas, a Carolina Cruz que es a quien va dedicado este Torneo; a nuestro patrocinadores y la prensa local\u00bb, puntualiz\u00f3 D\u00edaz.<\/span><\/p>\n<\/p>\n<p><span class=\"text1noticias\">De su lado el alcalde Francis Pe\u00f1a garantiz\u00f3 que su alcald\u00eda est\u00e1 dispuesta a ayudar el deporte y la juventud del municipio, tal y como lo hizo al entregar remozada y equipada la cancha del Iv\u00e1n Guzm\u00e1n Klang, donde tuvo lugar la inauguraci\u00f3n del evento.<\/span><\/p>\n<\/p>\n<p><span class=\"text1noticias\">De manos de Soterio Ram\u00edrez, viceministro de Deportes; Rafael Uribe, presidente de la Federaci\u00f3n Dominicana de Baloncesto (Fedombal); el doctor Alberto D\u00edaz, presidente del Comit\u00e9 Organizador y Agustin Matos, presidente Aclusdoeste fue entregada una placa de reconocimiento a la periodista Carolina Cruz de Mart\u00ednez.<\/span><\/p>\n<\/p>\n<p><span class=\"text1noticias\">Cruz de Mart\u00ednez, recibi\u00f3 con benepl\u00e1cito el reconocimiento, y dio las gracias en nombre de ella y su esposo.<\/span><\/p>\n<\/p>\n<p><span class=\"text1noticias\">\u00abLes doy un saludos a los deportistas y j\u00f3venes que est\u00e1n aqu\u00ed hoy. A sus edades, el mundo tiene mucho que ofrecerles, pero es el Se\u00f1or el que da todo y tiene el control y poder de nuestros talentos. Agradecemos mucho a Dios por habernos tra\u00eddo a este municipio a trabajar con la ni\u00f1ez y los j\u00f3venes, espec\u00edficamente en Manoguayabo\u00bb, dijo.<\/span><\/p>\n<\/p>\n<p><span class=\"text1noticias\">En el inicio de la justa deportiva el ministerio de Deportes y la Fedombal entregaron dos pelotas de baloncesto a cada equipo, y se comprometieron en seguir aportando con el deporte del municipio.<\/span><\/p>\n<\/p>\n<p><span class=\"text1noticias\">Durante todo el trayecto del torneo 13 clubes se ver\u00e1n enfrentados, diseminados en tres partes: Divisi\u00f3n A: la cual incluye a Iv\u00e1n Guzm\u00e1n Klang, Leones Defensivos &amp; Guajimia, J\u00f3venes Unidos, Nueva Esperanza y Progreso Juvenil; la Divisi\u00f3n B: V Centenario, Nuevo Ambiente (El Hoyo), Buenos Aires y Titanes; y la Divisi\u00f3n C: Olimpo, Avanzada Juvenil, Arenaso y Manoguayabo.<\/span><\/p>\n<\/p>\n<p><span class=\"text1noticias\">La mesa de honor la encabez\u00f3 el doctor Alberto D\u00edaz, presidente del Comit\u00e9 Organizador; Carolina Cruz de Mart\u00ednez, a quien se dedica el Torneo; Francis Pe\u00f1a, alcalde del municipio; Juan Fr\u00edas, gobernador de la provincia; Soterio Ram\u00edrez, viceministro de Deportes; Luis S\u00e1nchez, diputado; Arlette Almonte, regidora; Rafael Garc\u00eda, director de Deportes SDO; David Kada, salsero y Jaco Albert\u00ed, diputado Los Alcarrizos.<\/span><\/p>\n<\/p>\n<p><span class=\"text1noticias\">Reconocimiento a David Kada<\/span><\/p>\n<\/p>\n<p><span class=\"text1noticias\">El Ministerio de la Juventud entreg\u00f3 una placa de reconocimiento al joven salsero David Kada, por destacarse en el arte.<\/span><\/p>\n<\/p>\n<p><span class=\"text1noticias\">\u00abYo no toco m\u00fasica en busca de fama, solo deseo que los j\u00f3venes de Santo Domingo Oeste  se vean en m\u00ed ejemplo y que sean ejemplos de superaci\u00f3n, alejados de los vicios. En la vida todo se consigue con trabajo y estudios; hay que alejarse de los malos pasos\u00bb, se\u00f1al\u00f3 Kada al momento de recibir el reconocimiento.<\/span><\/p>\n<\/p>\n<p><span class=\"text1noticias\">David Kada es oriundo del Ensanche Altagracia de Santo Domingo Oeste.(HG)<\/span>.<\/p>\n<\/p>\n<h6> 2013-07-02 23:17:32 <\/h6>\n<p><!--\n<link rel=\"stylesheet\" href=\"css\/bootstrap.min.css\">\n\n\n<ul class=\"pagination\">\n\t    \n\t\n\n<li >\n\t<a href='?page_no=20172'>Previous<\/a>\n\t<\/li>\n\n\n       \n    \n\n<li><a href='?page_no=1'>1<\/a><\/li>\n\n\n\n<li><a href='?page_no=2'>2<\/a><\/li>\n\n\n\n<li><a>...<\/a><\/li>\n\n\n\n<li><a href='?page_no=20171'>20171<\/a><\/li>\n\n\n\n<li><a href='?page_no=20172'>20172<\/a><\/li>\n\n\n\n<li class='active'><a>20173<\/a><\/li>\n\n\n\n<li><a href='?page_no=20174'>20174<\/a><\/li>\n\n\n\n<li><a href='?page_no=20175'>20175<\/a><\/li>\n\n\n\n<li><a>...<\/a><\/li>\n\n\n\n<li><a href='?page_no=36618'>36618<\/a><\/li>\n\n\n\n<li><a href='?page_no=36619'>36619<\/a><\/li>\n\n    \n\t\n\n<li >\n\t<a href='?page_no=20174'>Next<\/a>\n\t<\/li>\n\n\n    \n\n<li><a href='?page_no=36619'>Last &rsaquo;&rsaquo;<\/a><\/li>\n\n<\/ul>\n\n\n--><br \/>\n<\/body><\/p>\n","protected":false},"excerpt":{"rendered":"<p>Santo Domingo, RD, 2 de Julio.-La Asociaci\u00f3n de Clubes de Santo Domingo Oeste (Aclusdoeste), inaugur\u00f3 este fin de semana el 1er Torneo de Baloncesto Sub-25 del municipio, con dedicatoria especial a Carolina Cruz, esposa del ex lanzador de Grandes Ligas, Pedro Mart\u00ednez. Miles de personas de todo el municipio se dieron cita para presenciar el [&hellip;]<\/p>\n","protected":false},"author":3,"featured_media":0,"comment_status":"open","ping_status":"open","sticky":false,"template":"","format":"standard","meta":{"footnotes":""},"categories":[17],"tags":[],"class_list":["post-213063","post","type-post","status-publish","format-standard","hentry","category-deportes"],"_links":{"self":[{"href":"https:\/\/diariodominicano.com\/index.php?rest_route=\/wp\/v2\/posts\/213063","targetHints":{"allow":["GET"]}}],"collection":[{"href":"https:\/\/diariodominicano.com\/index.php?rest_route=\/wp\/v2\/posts"}],"about":[{"href":"https:\/\/diariodominicano.com\/index.php?rest_route=\/wp\/v2\/types\/post"}],"author":[{"embeddable":true,"href":"https:\/\/diariodominicano.com\/index.php?rest_route=\/wp\/v2\/users\/3"}],"replies":[{"embeddable":true,"href":"https:\/\/diariodominicano.com\/index.php?rest_route=%2Fwp%2Fv2%2Fcomments&post=213063"}],"version-history":[{"count":0,"href":"https:\/\/diariodominicano.com\/index.php?rest_route=\/wp\/v2\/posts\/213063\/revisions"}],"wp:attachment":[{"href":"https:\/\/diariodominicano.com\/index.php?rest_route=%2Fwp%2Fv2%2Fmedia&parent=213063"}],"wp:term":[{"taxonomy":"category","embeddable":true,"href":"https:\/\/diariodominicano.com\/index.php?rest_route=%2Fwp%2Fv2%2Fcategories&post=213063"},{"taxonomy":"post_tag","embeddable":true,"href":"https:\/\/diariodominicano.com\/index.php?rest_route=%2Fwp%2Fv2%2Ftags&post=213063"}],"curies":[{"name":"wp","href":"https:\/\/api.w.org\/{rel}","templated":true}]}}