{"id":213036,"date":"2013-07-06T18:58:10","date_gmt":"2013-07-06T18:58:10","guid":{"rendered":"http:\/\/diariodominicano.ddns.net\/?p=213036"},"modified":"2013-07-06T18:58:10","modified_gmt":"2013-07-06T18:58:10","slug":"dominan-las-clasificaciones-de-automovilismo-del-gran-premio-de-autos-y-motos-del-autodromo-mobil-1","status":"publish","type":"post","link":"https:\/\/diariodominicano.com\/?p=213036","title":{"rendered":"Dominan las clasificaciones de  Automovilismo del Gran Premio de Autos y Motos del Aut\u00f3dromo Mobil 1"},"content":{"rendered":"<p><body><\/p>\n<p><img decoding=\"async\" src=\"img3\/Automovilismo.jpg\" \/>  <\/p>\n<p><span class=\"text1noticias\">Santo Domingo, RD, 6 de Julio.-La pareja compuesta por Alfredo Najri y Victor Gonz\u00e1lez saldr\u00e1n delante en la m\u00e1xima categor\u00eda DTS de Automovilismo, tras lograr el mejor tiempoen las clasificaciones del Gran Premio de Autos y Motos que ser\u00e1 llevado a cabo este s\u00e1bado en el Aut\u00f3dromo Mobil 1.<\/span><\/p>\n<\/p>\n<p><span class=\"text1noticias\">El equipo de Najri y Gonz\u00e1lez clasificaron primero en la categor\u00eda DTS con tiempo de 1:24.51, seguido de Jos\u00e9 Ricardo Leroux con tiempo de 1:24.77, delegando el tercer lugar a Jeff Altenburg quien marc\u00f3tiempo de1:25.66 .<\/span><\/p>\n<\/p>\n<p><span class=\"text1noticias\">En la RS el piloto C\u00e9sar Santana clasific\u00f3 delante al parar el reloj en tiempo de 1:26.78, en la segunda posici\u00f3n de la clasificaci\u00f3n la dupla de Jos\u00e9 Manuel Hern\u00e1ndez y Victor Gonz\u00e1lezlograron tiempo de 1:26.94 y en la tercera posici\u00f3n qued\u00f3 JackyKhawlycon tiempo de 1:27.39.<\/span><\/p>\n<\/p>\n<p><span class=\"text1noticias\">Mientras que en la ST Christian Bonnet ocupar\u00e1 la primera posici\u00f3n en la grilla de salida al obtener tiempo de 1:30.12, en la segunda posici\u00f3n quedaron los hermanos Urbaez contiempo de 1:30.17 y para completar las primeras posiciones la pareja de Sebasti\u00e1n Paniagua y Ricky Perdomo marcaron tiempo de 1:30.18 .<\/span><\/p>\n<\/p>\n<p><span class=\"text1noticias\">La categor\u00eda TN tendr\u00e1 saliendo delante a Juan Manuel Gonz\u00e1lez, quien logr\u00f3 detener el reloj en 1:32.52, Rafael Luciano alcanz\u00f3 tiempo de 1:32.94 para la segunda posici\u00f3n, mientras que Marcos Cabral tendr\u00e1 la tercera posici\u00f3n de salida con tiempo de 1:33.16.(HG)<\/span>.<\/p>\n<\/p>\n<h6> 2013-07-06 18:58:10 <\/h6>\n<p><!--\n<link rel=\"stylesheet\" href=\"css\/bootstrap.min.css\">\n\n\n<ul class=\"pagination\">\n\t    \n\t\n\n<li >\n\t<a href='?page_no=20145'>Previous<\/a>\n\t<\/li>\n\n\n       \n    \n\n<li><a href='?page_no=1'>1<\/a><\/li>\n\n\n\n<li><a href='?page_no=2'>2<\/a><\/li>\n\n\n\n<li><a>...<\/a><\/li>\n\n\n\n<li><a href='?page_no=20144'>20144<\/a><\/li>\n\n\n\n<li><a href='?page_no=20145'>20145<\/a><\/li>\n\n\n\n<li class='active'><a>20146<\/a><\/li>\n\n\n\n<li><a href='?page_no=20147'>20147<\/a><\/li>\n\n\n\n<li><a href='?page_no=20148'>20148<\/a><\/li>\n\n\n\n<li><a>...<\/a><\/li>\n\n\n\n<li><a href='?page_no=36618'>36618<\/a><\/li>\n\n\n\n<li><a href='?page_no=36619'>36619<\/a><\/li>\n\n    \n\t\n\n<li >\n\t<a href='?page_no=20147'>Next<\/a>\n\t<\/li>\n\n\n    \n\n<li><a href='?page_no=36619'>Last &rsaquo;&rsaquo;<\/a><\/li>\n\n<\/ul>\n\n\n--><br \/>\n<\/body><\/p>\n","protected":false},"excerpt":{"rendered":"<p>Santo Domingo, RD, 6 de Julio.-La pareja compuesta por Alfredo Najri y Victor Gonz\u00e1lez saldr\u00e1n delante en la m\u00e1xima categor\u00eda DTS de Automovilismo, tras lograr el mejor tiempoen las clasificaciones del Gran Premio de Autos y Motos que ser\u00e1 llevado a cabo este s\u00e1bado en el Aut\u00f3dromo Mobil 1. El equipo de Najri y Gonz\u00e1lez [&hellip;]<\/p>\n","protected":false},"author":3,"featured_media":0,"comment_status":"open","ping_status":"open","sticky":false,"template":"","format":"standard","meta":{"footnotes":""},"categories":[17],"tags":[],"class_list":["post-213036","post","type-post","status-publish","format-standard","hentry","category-deportes"],"_links":{"self":[{"href":"https:\/\/diariodominicano.com\/index.php?rest_route=\/wp\/v2\/posts\/213036","targetHints":{"allow":["GET"]}}],"collection":[{"href":"https:\/\/diariodominicano.com\/index.php?rest_route=\/wp\/v2\/posts"}],"about":[{"href":"https:\/\/diariodominicano.com\/index.php?rest_route=\/wp\/v2\/types\/post"}],"author":[{"embeddable":true,"href":"https:\/\/diariodominicano.com\/index.php?rest_route=\/wp\/v2\/users\/3"}],"replies":[{"embeddable":true,"href":"https:\/\/diariodominicano.com\/index.php?rest_route=%2Fwp%2Fv2%2Fcomments&post=213036"}],"version-history":[{"count":0,"href":"https:\/\/diariodominicano.com\/index.php?rest_route=\/wp\/v2\/posts\/213036\/revisions"}],"wp:attachment":[{"href":"https:\/\/diariodominicano.com\/index.php?rest_route=%2Fwp%2Fv2%2Fmedia&parent=213036"}],"wp:term":[{"taxonomy":"category","embeddable":true,"href":"https:\/\/diariodominicano.com\/index.php?rest_route=%2Fwp%2Fv2%2Fcategories&post=213036"},{"taxonomy":"post_tag","embeddable":true,"href":"https:\/\/diariodominicano.com\/index.php?rest_route=%2Fwp%2Fv2%2Ftags&post=213036"}],"curies":[{"name":"wp","href":"https:\/\/api.w.org\/{rel}","templated":true}]}}