{"id":213032,"date":"2013-07-07T12:12:44","date_gmt":"2013-07-07T12:12:44","guid":{"rendered":"http:\/\/diariodominicano.ddns.net\/?p=213032"},"modified":"2013-07-07T12:12:44","modified_gmt":"2013-07-07T12:12:44","slug":"armando-gandini-y-chanela-santos-los-mas-destacados-en-la-gran-gala-atleta-infantil-del-ano","status":"publish","type":"post","link":"https:\/\/diariodominicano.com\/?p=213032","title":{"rendered":"Armando Gandini y Chanela Santos los m\u00e1s destacados en la  gran gala Atleta Infantil del a\u00f1o&#13;"},"content":{"rendered":"<p><body><\/p>\n<p><img decoding=\"async\" src=\"img3\/tenis001.jpg\" \/><br \/><img decoding=\"async\" src=\"img3\/tenis003.jpg\" \/><br \/><img decoding=\"async\" src=\"img3\/4.JPG\" \/>  <\/p>\n<\/p>\n<p><span class=\"text1noticias\">SANTIAGO, Rep\u00fablica Dominicana, 7 de Junio.- El tenista, Armando Gandini y la karateca, Chanela Santos, recibieron la distinci\u00f3n de m\u00e1s destacados del 2012, en la gran gala anual, El Atleta Infantil del A\u00f1o de Santiago, Don Panch\u00f3n Tejada, organizada por la Uni\u00f3n Deportiva de Santiago (UDESA).<\/span><\/p>\n<\/p>\n<p><span class=\"text1noticias\">Ambos atletas recibieron las distinciones durante la actividad realizada ayer s\u00e1bado en la tarde, en el sal\u00f3n Hanns Hieronimus, de la UDESA, por sus destacadas actuaciones en el a\u00f1o pasado.<\/span><\/p>\n<\/p>\n<p><span class=\"text1noticias\">El acto comenz\u00f3 con la interpretaci\u00f3n del Himno Nacional, luego el secretario de finanzas de UDESA, Marcos Pichardo, dijo las palabras de bienvenida y el presidente de la entidad, H\u00e9ctor de Padua, el discurso central, mientras que el secretario general, Emmanuel Garc\u00eda Musa, habl\u00f3 de la semblanza de Rafael -Panch\u00f3n- Tejada.<\/span><\/p>\n<\/p>\n<p><span class=\"text1noticias\">Los atletas premiados, masculinos y femeninos, fueron: Atletismo, Elian Reyes-Nicole Reyes; arte y cultura, Gerard Lis G\u00f3mez-Roseilig Pe\u00f1a de la Rosa y B\u00e9isbol, Kelvin Almonte.<\/span><\/p>\n<\/p>\n<p><span class=\"text1noticias\">Adem\u00e1s, boxeo, Yeudy G\u00f3mez; ciclismo, Kaury Cabrera; deportes especiales, V\u00edctor Manuel G\u00f3mez-Kiara Franco; f\u00fatbol, Julio Fern\u00e1ndez y gimnasia, Nathanael Acosta-Yaritza del Rosario.<\/span><\/p>\n<\/p>\n<p><span class=\"text1noticias\">De igual manera, judo, Amir de Jes\u00fas Garc\u00eda Arias-Daniela Rodr\u00edguez; karate, Larry Aracena-Chanela Santos; lucha ol\u00edmpica, Rafael Rodr\u00edguez y nataci\u00f3n, Juan Manuel G\u00f3mez-Lineth Corpor\u00e1n.<\/span><\/p>\n<\/p>\n<p><span class=\"text1noticias\">Asimismo, patinaje, Vicente Reyes-Madeline Plasencia; taekwondo-Oliver Grull\u00f3n-Franny Nicol Pe\u00f1a; tenis, Armando Gandini Taveras; triatl\u00f3n, Juan Manuel G\u00f3mez-Karla Paniagua y volibol, Omar J\u00e1quez-Ang\u00e9lica Hihodosa.<\/span><\/p>\n<\/p>\n<p><span class=\"text1noticias\">La actividad fue auspiciada por el Ministerio Dominicano de Deportes, Alcald\u00eda de Santiago, Pr\u00e9stamos a las Ordenes y Cervecer\u00eda Nacional Dominicana.<\/span><\/p>\n<\/p>\n<p><span class=\"text1noticias\"> <\/span><\/p>\n<\/p>\n<p><span class=\"text1noticias\">PIES DE FOTOS NUMERADOS:<\/span><\/p>\n<\/p>\n<p><span class=\"text1noticias\"> <\/span><\/p>\n<\/p>\n<p><span class=\"text1noticias\">1-     Los atletas galardonados, junto a directivos de la UDESA y personalidades invitadas<\/span><\/p>\n<\/p>\n<p><span class=\"text1noticias\"> <\/span><\/p>\n<\/p>\n<p><span class=\"text1noticias\">En las dem\u00e1s fotos atletas mientras son premiados<\/span><\/p>\n<\/p>\n<\/p>\n<h6> 2013-07-07 12:12:44 <\/h6>\n<p><!--\n<link rel=\"stylesheet\" href=\"css\/bootstrap.min.css\">\n\n\n<ul class=\"pagination\">\n\t    \n\t\n\n<li >\n\t<a href='?page_no=20141'>Previous<\/a>\n\t<\/li>\n\n\n       \n    \n\n<li><a href='?page_no=1'>1<\/a><\/li>\n\n\n\n<li><a href='?page_no=2'>2<\/a><\/li>\n\n\n\n<li><a>...<\/a><\/li>\n\n\n\n<li><a href='?page_no=20140'>20140<\/a><\/li>\n\n\n\n<li><a href='?page_no=20141'>20141<\/a><\/li>\n\n\n\n<li class='active'><a>20142<\/a><\/li>\n\n\n\n<li><a href='?page_no=20143'>20143<\/a><\/li>\n\n\n\n<li><a href='?page_no=20144'>20144<\/a><\/li>\n\n\n\n<li><a>...<\/a><\/li>\n\n\n\n<li><a href='?page_no=36618'>36618<\/a><\/li>\n\n\n\n<li><a href='?page_no=36619'>36619<\/a><\/li>\n\n    \n\t\n\n<li >\n\t<a href='?page_no=20143'>Next<\/a>\n\t<\/li>\n\n\n    \n\n<li><a href='?page_no=36619'>Last &rsaquo;&rsaquo;<\/a><\/li>\n\n<\/ul>\n\n\n--><br \/>\n<\/body><\/p>\n","protected":false},"excerpt":{"rendered":"<p>SANTIAGO, Rep\u00fablica Dominicana, 7 de Junio.- El tenista, Armando Gandini y la karateca, Chanela Santos, recibieron la distinci\u00f3n de m\u00e1s destacados del 2012, en la gran gala anual, El Atleta Infantil del A\u00f1o de Santiago, Don Panch\u00f3n Tejada, organizada por la Uni\u00f3n Deportiva de Santiago (UDESA). Ambos atletas recibieron las distinciones durante la actividad realizada [&hellip;]<\/p>\n","protected":false},"author":3,"featured_media":0,"comment_status":"open","ping_status":"open","sticky":false,"template":"","format":"standard","meta":{"footnotes":""},"categories":[17],"tags":[],"class_list":["post-213032","post","type-post","status-publish","format-standard","hentry","category-deportes"],"_links":{"self":[{"href":"https:\/\/diariodominicano.com\/index.php?rest_route=\/wp\/v2\/posts\/213032","targetHints":{"allow":["GET"]}}],"collection":[{"href":"https:\/\/diariodominicano.com\/index.php?rest_route=\/wp\/v2\/posts"}],"about":[{"href":"https:\/\/diariodominicano.com\/index.php?rest_route=\/wp\/v2\/types\/post"}],"author":[{"embeddable":true,"href":"https:\/\/diariodominicano.com\/index.php?rest_route=\/wp\/v2\/users\/3"}],"replies":[{"embeddable":true,"href":"https:\/\/diariodominicano.com\/index.php?rest_route=%2Fwp%2Fv2%2Fcomments&post=213032"}],"version-history":[{"count":0,"href":"https:\/\/diariodominicano.com\/index.php?rest_route=\/wp\/v2\/posts\/213032\/revisions"}],"wp:attachment":[{"href":"https:\/\/diariodominicano.com\/index.php?rest_route=%2Fwp%2Fv2%2Fmedia&parent=213032"}],"wp:term":[{"taxonomy":"category","embeddable":true,"href":"https:\/\/diariodominicano.com\/index.php?rest_route=%2Fwp%2Fv2%2Fcategories&post=213032"},{"taxonomy":"post_tag","embeddable":true,"href":"https:\/\/diariodominicano.com\/index.php?rest_route=%2Fwp%2Fv2%2Ftags&post=213032"}],"curies":[{"name":"wp","href":"https:\/\/api.w.org\/{rel}","templated":true}]}}