{"id":213029,"date":"2013-07-07T12:54:10","date_gmt":"2013-07-07T12:54:10","guid":{"rendered":"http:\/\/diariodominicano.ddns.net\/?p=213029"},"modified":"2013-07-07T12:54:10","modified_gmt":"2013-07-07T12:54:10","slug":"inician-nacional-de-karate-con-dedicacion-a-jhonny-jones-titular-de-la-liga-municipal","status":"publish","type":"post","link":"https:\/\/diariodominicano.com\/?p=213029","title":{"rendered":"Inician Nacional de Karate con dedicaci\u00f3n a Jhonny Jones, titular de la Liga Municipal&#13;"},"content":{"rendered":"<p><body><\/p>\n<p><img decoding=\"async\" src=\"http:\/\/localhost:8080\/img3\/Karate.jpg\" \/>  <\/p>\n<p><span class=\"text1noticias\">San Pedro de Macor\u00eds, RD, 7 de Julio.-Cumpliendo con el programa calendario 2013, la Federaci\u00f3n Dominicana de Karate inaugur\u00f3 este s\u00e1bado el Torneo Nacional Infantil con la participaci\u00f3n de atletas de m\u00e1s de 24 provincias, evento celebrado el techado Rolando Ram\u00edrez, de esta provincia. Estuvo presente el ex-presidente de la Federaci\u00f3n de Karate, el ingeniero Angel Acosta y el ingeniero Erick Yermenos.<\/span><\/p>\n<\/p>\n<p><span class=\"text1noticias\">El certamen est\u00e1 dedicado al ingeniero Jhonny Jones, Secretario General de la Liga Municipal Dominicana, quien tuvo el honor de dejar formalmente inaugurado el certamen deportivo.<\/span><\/p>\n<\/p>\n<p><span class=\"text1noticias\">En la actividad se congregaron las m\u00e1ximas autoridades del deporte de esta provincia. Igualmente, varios miembros del Comit\u00e9 Ejecutivo de la Federaci\u00f3n y los asociados de San Pedro de Macoris y otras provincias que hicieron el viaje.<\/span><\/p>\n<\/p>\n<p><span class=\"text1noticias\">El presidente de la Federaci\u00f3n Dominicana de Karate, Jos\u00e9 Luis Ram\u00edrez, hizo un ferviente llamado a todas las asociaciones de la entidad a que sigan trabajando con la base, con la ni\u00f1ez y la juventud, porque ah\u00ed es que est\u00e1 el futuro de ese deporte.<\/span><\/p>\n<\/p>\n<p><span class=\"text1noticias\">\u00abEste Torneo Nacional Infantil es la mejor prueba del trabajo que vienen haciendo todos nuestros asociaciados con los entrenadores y t\u00e9cnicos a nivel nacional\u00bb, abund\u00f3.<\/span><\/p>\n<\/p>\n<p><span class=\"text1noticias\">Expres\u00f3 que de ese nutrido grupo de atletas, hoy con caras desconocidas, ser\u00e1n las grandes estrellas del ma\u00f1ana, los que defender\u00e1n con orgullo la Bandera Nacional en todas las competencias del Ciclo Olimpico.<\/span><\/p>\n<\/p>\n<p><span class=\"text1noticias\">Ram\u00edrez tambi\u00e9n les exhort\u00f3 a que respeten sus padres y a los mayores, jam\u00e1s abandonen sus estudios, y sean personas de bien, solidarias en la sociedad.<\/span><\/p>\n<\/p>\n<p><span class=\"text1noticias\">El evento culminar\u00e1 ma\u00f1ana domingo con los ganadores en las diferentes categorias.(HG)<\/span>.<\/p>\n<\/p>\n<h6> 2013-07-07 12:54:10 <\/h6>\n<p><!--\n<link rel=\"stylesheet\" href=\"css\/bootstrap.min.css\">\n\n\n<ul class=\"pagination\">\n\t    \n\t\n\n<li >\n\t<a href='?page_no=20138'>Previous<\/a>\n\t<\/li>\n\n\n       \n    \n\n<li><a href='?page_no=1'>1<\/a><\/li>\n\n\n\n<li><a href='?page_no=2'>2<\/a><\/li>\n\n\n\n<li><a>...<\/a><\/li>\n\n\n\n<li><a href='?page_no=20137'>20137<\/a><\/li>\n\n\n\n<li><a href='?page_no=20138'>20138<\/a><\/li>\n\n\n\n<li class='active'><a>20139<\/a><\/li>\n\n\n\n<li><a href='?page_no=20140'>20140<\/a><\/li>\n\n\n\n<li><a href='?page_no=20141'>20141<\/a><\/li>\n\n\n\n<li><a>...<\/a><\/li>\n\n\n\n<li><a href='?page_no=36618'>36618<\/a><\/li>\n\n\n\n<li><a href='?page_no=36619'>36619<\/a><\/li>\n\n    \n\t\n\n<li >\n\t<a href='?page_no=20140'>Next<\/a>\n\t<\/li>\n\n\n    \n\n<li><a href='?page_no=36619'>Last &rsaquo;&rsaquo;<\/a><\/li>\n\n<\/ul>\n\n\n--><br \/>\n<\/body><\/p>\n","protected":false},"excerpt":{"rendered":"<p>San Pedro de Macor\u00eds, RD, 7 de Julio.-Cumpliendo con el programa calendario 2013, la Federaci\u00f3n Dominicana de Karate inaugur\u00f3 este s\u00e1bado el Torneo Nacional Infantil con la participaci\u00f3n de atletas de m\u00e1s de 24 provincias, evento celebrado el techado Rolando Ram\u00edrez, de esta provincia. Estuvo presente el ex-presidente de la Federaci\u00f3n de Karate, el ingeniero [&hellip;]<\/p>\n","protected":false},"author":3,"featured_media":0,"comment_status":"open","ping_status":"open","sticky":false,"template":"","format":"standard","meta":{"footnotes":""},"categories":[17],"tags":[],"class_list":["post-213029","post","type-post","status-publish","format-standard","hentry","category-deportes"],"_links":{"self":[{"href":"https:\/\/diariodominicano.com\/index.php?rest_route=\/wp\/v2\/posts\/213029","targetHints":{"allow":["GET"]}}],"collection":[{"href":"https:\/\/diariodominicano.com\/index.php?rest_route=\/wp\/v2\/posts"}],"about":[{"href":"https:\/\/diariodominicano.com\/index.php?rest_route=\/wp\/v2\/types\/post"}],"author":[{"embeddable":true,"href":"https:\/\/diariodominicano.com\/index.php?rest_route=\/wp\/v2\/users\/3"}],"replies":[{"embeddable":true,"href":"https:\/\/diariodominicano.com\/index.php?rest_route=%2Fwp%2Fv2%2Fcomments&post=213029"}],"version-history":[{"count":0,"href":"https:\/\/diariodominicano.com\/index.php?rest_route=\/wp\/v2\/posts\/213029\/revisions"}],"wp:attachment":[{"href":"https:\/\/diariodominicano.com\/index.php?rest_route=%2Fwp%2Fv2%2Fmedia&parent=213029"}],"wp:term":[{"taxonomy":"category","embeddable":true,"href":"https:\/\/diariodominicano.com\/index.php?rest_route=%2Fwp%2Fv2%2Fcategories&post=213029"},{"taxonomy":"post_tag","embeddable":true,"href":"https:\/\/diariodominicano.com\/index.php?rest_route=%2Fwp%2Fv2%2Ftags&post=213029"}],"curies":[{"name":"wp","href":"https:\/\/api.w.org\/{rel}","templated":true}]}}