{"id":213020,"date":"2013-07-08T20:22:01","date_gmt":"2013-07-08T20:22:01","guid":{"rendered":"http:\/\/diariodominicano.ddns.net\/?p=213020"},"modified":"2013-07-08T20:22:01","modified_gmt":"2013-07-08T20:22:01","slug":"varias-instituciones-y-empresarios-apoyan-celebracion-festival-deportivo-fronterizo","status":"publish","type":"post","link":"https:\/\/diariodominicano.com\/?p=213020","title":{"rendered":"Varias instituciones y empresarios apoyan  celebraci\u00f3n Festival Deportivo Fronterizo"},"content":{"rendered":"<p><body><\/p>\n<p><img decoding=\"async\" src=\"http:\/\/localhost:8080\/img3\/Apoyo.jpg\" \/>  <\/p>\n<p><span class=\"text1noticias\">Santo Domingo, RD, 8 de Julio.-El Instituto Nacional de Recursos Hidr\u00e1ulicos (INDRHI), la Direcci\u00f3n de Desarrollo Fronterizo, la Gobernaci\u00f3n Provincial de Dajab\u00f3n, y Empresas Beller, anunciaron este lunes su respaldo a la celebraci\u00f3n del Festival Deportivo Fronterizo, que concentrar\u00e1 este mes a m\u00e1s de 800 atletas de siete provincias de la Rep\u00fablica Dominicana y tres ciudades de Hait\u00ed.<\/span><\/p>\n<p><span class=\"text1noticias\"> <\/span><\/p>\n<p><span class=\"text1noticias\">C\u00e9sar Saint Hilaire, presidente del Comit\u00e9 Organizador de los juegos present\u00f3 a Olgo Fern\u00e1ndez, director del HINDRI; Miguel Bejar\u00e1n, director general de Desarrollo Fronterizo; Fiordaliza Caridad Ceballos, Gobernadora, y a David Sosa, presidente de Empresas Beller, quienes se unieron a otros connotados funcionarios, empresarios y dirigentes deportivos que apoyan los juegos.<\/span><\/p>\n<\/p>\n<p><span class=\"text1noticias\">Olgo Fern\u00e1ndez destac\u00f3 la celebraci\u00f3n del festival al entender que forma parte de la educaci\u00f3n y los planes de desarrollo que requiere la zona.<\/span><\/p>\n<\/p>\n<p><span class=\"text1noticias\">\u00abSiempre apoyamos los deportes y en esta oportunidad queremos resaltar la decisi\u00f3n del ministro Jaime David Fern\u00e1ndez Mirabal que una vez m\u00e1s dirigir su mirada hacia la zona fronteriza\u00bb, sostuvo.<\/span><\/p>\n<\/p>\n<p><span class=\"text1noticias\">De su lado, Bejar\u00e1n dijo que el festival se constituir\u00e1 en un puente para fortalecer la hermandad y la cooperaci\u00f3n entre Rep\u00fablica Dominicana y Hait\u00ed.<\/span><\/p>\n<\/p>\n<p><span class=\"text1noticias\">\u00abEsta oportunidad nos sirve para reafirmar nuestro compromiso de luchar por una frontera con mayores niveles de desarrollo y mutua cooperaci\u00f3n entre las dos naciones\u00bb, dijo el director de Desarrollo Fronterizo.<\/span><\/p>\n<\/p>\n<p><span class=\"text1noticias\">La Gobernadora Caridad Cevallos dijo que la juventud de Dajab\u00f3n se siente honrada por ser tomada en cuenta para unos juegos que reunir\u00e1n a todos los atletas de las provincias y pueblos fronterizos.<\/span><\/p>\n<\/p>\n<p><span class=\"text1noticias\">El presidente de Empresas Beller, Sosa, inform\u00f3 que el empresariado de la zona tiene que estar presente en la fiesta deportiva, por entender que \u00abal mundo hay que hacerle saber que en la Rep\u00fablica Dominicana lo que hay es cari\u00f1o, amor y esp\u00edritu de colaboraci\u00f3n con los hermanos haitianos\u00bb.<\/span><\/p>\n<\/p>\n<p><span class=\"text1noticias\">El Ministro de Deportes dijo que en el pa\u00eds se est\u00e1 viviendo una nueva cultura, con alianzas institucionales y empresariales en una demostraci\u00f3n de que si se unen las fuerzas en busca de un objetivo se obtienen los m\u00e1ximos resultados.<\/span><\/p>\n<\/p>\n<p><span class=\"text1noticias\">Explic\u00f3 que el Festival Deportivo Fronterizo no es m\u00e1s que un calentamiento para la celebraci\u00f3n de los Juegos de la Mancomunidad que pertenecen al Comit\u00e9 Ol\u00edmpico Dominicano.<\/span><\/p>\n<\/p>\n<p><span class=\"text1noticias\">Anunci\u00f3 el inici\u00f3 hoy martes de un diplomado b\u00e1sico para 150 t\u00e9cnicos y monitores deportivos, de los cuales el 50% provienen de Hait\u00ed y que forma parte de la organizaci\u00f3n del festival.<\/span><\/p>\n<\/p>\n<p><span class=\"text1noticias\">Miguel Cruz, presidente de la Uni\u00f3n Deportiva de Dajab\u00f3n, quien estuvo presente en el encuentro de ayer, junto a la Senadora provincial, Sonia Mateo y el diputado Gregorio Reyes,  fueron los primeros en respaldar la actividad que se desarrollar\u00e1 del 26 al 28 de este mes de julio en esa provincia.<\/span><\/p>\n<\/p>\n<p><span class=\"text1noticias\">Se competir\u00e1 en b\u00e9isbol, baloncesto, voleibol, futbol, atletismo, boxeo, lucha,  taekwondo y softbol. Habr\u00e1 exhibici\u00f3n en otras disciplinas.<\/span><\/p>\n<\/p>\n<p><span class=\"text1noticias\">Las competencias se celebrar\u00e1n en diferentes instalaciones de Dajab\u00f3n entre atletas de Monte Cristi, Santiago Rodr\u00edguez, El\u00edas Pi\u00f1a, jiman\u00ed, Pedernales, los anfitriones y Mao, Valverde, como invitada. Desde Hait\u00ed estar\u00e1n compitiendo los atletas de Amses \u00e0 Pitres, Bellad\u00e8re y Ouanaminthe.(HG)<\/span>.<\/p>\n<h6> 2013-07-08 20:22:01 <\/h6>\n<p><!--\n<link rel=\"stylesheet\" href=\"css\/bootstrap.min.css\">\n\n\n<ul class=\"pagination\">\n\t    \n\t\n\n<li >\n\t<a href='?page_no=20129'>Previous<\/a>\n\t<\/li>\n\n\n       \n    \n\n<li><a href='?page_no=1'>1<\/a><\/li>\n\n\n\n<li><a href='?page_no=2'>2<\/a><\/li>\n\n\n\n<li><a>...<\/a><\/li>\n\n\n\n<li><a href='?page_no=20128'>20128<\/a><\/li>\n\n\n\n<li><a href='?page_no=20129'>20129<\/a><\/li>\n\n\n\n<li class='active'><a>20130<\/a><\/li>\n\n\n\n<li><a href='?page_no=20131'>20131<\/a><\/li>\n\n\n\n<li><a href='?page_no=20132'>20132<\/a><\/li>\n\n\n\n<li><a>...<\/a><\/li>\n\n\n\n<li><a href='?page_no=36618'>36618<\/a><\/li>\n\n\n\n<li><a href='?page_no=36619'>36619<\/a><\/li>\n\n    \n\t\n\n<li >\n\t<a href='?page_no=20131'>Next<\/a>\n\t<\/li>\n\n\n    \n\n<li><a href='?page_no=36619'>Last &rsaquo;&rsaquo;<\/a><\/li>\n\n<\/ul>\n\n\n--><br \/>\n<\/body><\/p>\n","protected":false},"excerpt":{"rendered":"<p>Santo Domingo, RD, 8 de Julio.-El Instituto Nacional de Recursos Hidr\u00e1ulicos (INDRHI), la Direcci\u00f3n de Desarrollo Fronterizo, la Gobernaci\u00f3n Provincial de Dajab\u00f3n, y Empresas Beller, anunciaron este lunes su respaldo a la celebraci\u00f3n del Festival Deportivo Fronterizo, que concentrar\u00e1 este mes a m\u00e1s de 800 atletas de siete provincias de la Rep\u00fablica Dominicana y tres [&hellip;]<\/p>\n","protected":false},"author":3,"featured_media":0,"comment_status":"open","ping_status":"open","sticky":false,"template":"","format":"standard","meta":{"footnotes":""},"categories":[17],"tags":[],"class_list":["post-213020","post","type-post","status-publish","format-standard","hentry","category-deportes"],"_links":{"self":[{"href":"https:\/\/diariodominicano.com\/index.php?rest_route=\/wp\/v2\/posts\/213020","targetHints":{"allow":["GET"]}}],"collection":[{"href":"https:\/\/diariodominicano.com\/index.php?rest_route=\/wp\/v2\/posts"}],"about":[{"href":"https:\/\/diariodominicano.com\/index.php?rest_route=\/wp\/v2\/types\/post"}],"author":[{"embeddable":true,"href":"https:\/\/diariodominicano.com\/index.php?rest_route=\/wp\/v2\/users\/3"}],"replies":[{"embeddable":true,"href":"https:\/\/diariodominicano.com\/index.php?rest_route=%2Fwp%2Fv2%2Fcomments&post=213020"}],"version-history":[{"count":0,"href":"https:\/\/diariodominicano.com\/index.php?rest_route=\/wp\/v2\/posts\/213020\/revisions"}],"wp:attachment":[{"href":"https:\/\/diariodominicano.com\/index.php?rest_route=%2Fwp%2Fv2%2Fmedia&parent=213020"}],"wp:term":[{"taxonomy":"category","embeddable":true,"href":"https:\/\/diariodominicano.com\/index.php?rest_route=%2Fwp%2Fv2%2Fcategories&post=213020"},{"taxonomy":"post_tag","embeddable":true,"href":"https:\/\/diariodominicano.com\/index.php?rest_route=%2Fwp%2Fv2%2Ftags&post=213020"}],"curies":[{"name":"wp","href":"https:\/\/api.w.org\/{rel}","templated":true}]}}