{"id":213018,"date":"2013-07-08T20:49:22","date_gmt":"2013-07-08T20:49:22","guid":{"rendered":"http:\/\/diariodominicano.ddns.net\/?p=213018"},"modified":"2013-07-08T20:49:22","modified_gmt":"2013-07-08T20:49:22","slug":"abasado-inicia-torneo-minibasket-con-42-clubes-reconocen-a-jose-pasos-docil","status":"publish","type":"post","link":"https:\/\/diariodominicano.com\/?p=213018","title":{"rendered":"ABASADO inicia Torneo Minibasket con 42 clubes; reconocen a Jos\u00e9 Pasos D\u00f3cil"},"content":{"rendered":"<p><body><\/p>\n<p><img decoding=\"async\" src=\"http:\/\/localhost:8080\/img3\/Calero.jpg\" \/>  <\/p>\n<p><span class=\"text1noticias\">Santo Domingo, RD, 8 de Julio.- Con un rotundo \u00e9xito, la Asociaci\u00f3n de Baloncesto de la Provincia Santo Domingo  inici\u00f3 el Torneo de Minibaloncesto en el techado del Club Calero, con la participaci\u00f3n de m\u00e1s de 42 clubes, evento que fue encabezado por el Ministro de Deportes, doctor Jaime David Fern\u00e1ndez Mirabal.<\/span><\/p>\n<\/p>\n<p><span class=\"text1noticias\">La justa se inici\u00f3 a las nueve de la ma\u00f1ana con el desfile de los 42 equipos de igual n\u00famero de clubes afiliados a la ABASADO. La justa esta dedicada al Inmortal de la Provincia Santo Domingo, Jos\u00e8 Pasos D\u00f3cil (P\u00f2tico), quien recibi\u00f3 una placa de manos del presidente de ABASADO, Andr\u00e9s Liberato y el Ministro de Deportes.<\/span><\/p>\n<\/p>\n<p><span class=\"text1noticias\">Al dar las palabras de bienvendida, el presidente de ABASADO, Andr\u00e9s Liberato, afirm\u00f3 que nueva vez los clubes de la provincia dicen presente y ratific\u00f3 que con esa labor con la ni\u00f1ez se env\u00eda un claro mensaje de que el futuro del basket est\u00e1 garantizado.<\/span><\/p>\n<\/p>\n<p><span class=\"text1noticias\">\u00abEsos ni\u00f1os ser\u00e0n ma\u00f1ana los Hansel Salvador, los Maita Mercedes, los Victor Hansen, los Jos\u00fae Abreu, los Jack Michael Mart\u00ednez, los Hermanos Fortuna, Alberto Ozuna, entre otros\u00bb, dijo Liberato.<\/span><\/p>\n<\/p>\n<p><span class=\"text1noticias\">Manifest\u00f3 que los clubes continuar\u00e1n laborando sin descanso y dio que este es el tercer torneo de calendario que pone ABASADO en acci\u00f3n.<\/span><\/p>\n<\/p>\n<p><span class=\"text1noticias\">Asisti\u00f3 una representaci\u00f3n del Jefe de la Polic\u00eca, Mayor General, Manuel Castro Castillo, entre otros.(HG)<\/span>.<\/p>\n<\/p>\n<\/p>\n<h6> 2013-07-08 20:49:22 <\/h6>\n<p><!--\n<link rel=\"stylesheet\" href=\"css\/bootstrap.min.css\">\n\n\n<ul class=\"pagination\">\n\t    \n\t\n\n<li >\n\t<a href='?page_no=20127'>Previous<\/a>\n\t<\/li>\n\n\n       \n    \n\n<li><a href='?page_no=1'>1<\/a><\/li>\n\n\n\n<li><a href='?page_no=2'>2<\/a><\/li>\n\n\n\n<li><a>...<\/a><\/li>\n\n\n\n<li><a href='?page_no=20126'>20126<\/a><\/li>\n\n\n\n<li><a href='?page_no=20127'>20127<\/a><\/li>\n\n\n\n<li class='active'><a>20128<\/a><\/li>\n\n\n\n<li><a href='?page_no=20129'>20129<\/a><\/li>\n\n\n\n<li><a href='?page_no=20130'>20130<\/a><\/li>\n\n\n\n<li><a>...<\/a><\/li>\n\n\n\n<li><a href='?page_no=36618'>36618<\/a><\/li>\n\n\n\n<li><a href='?page_no=36619'>36619<\/a><\/li>\n\n    \n\t\n\n<li >\n\t<a href='?page_no=20129'>Next<\/a>\n\t<\/li>\n\n\n    \n\n<li><a href='?page_no=36619'>Last &rsaquo;&rsaquo;<\/a><\/li>\n\n<\/ul>\n\n\n--><br \/>\n<\/body><\/p>\n","protected":false},"excerpt":{"rendered":"<p>Santo Domingo, RD, 8 de Julio.- Con un rotundo \u00e9xito, la Asociaci\u00f3n de Baloncesto de la Provincia Santo Domingo inici\u00f3 el Torneo de Minibaloncesto en el techado del Club Calero, con la participaci\u00f3n de m\u00e1s de 42 clubes, evento que fue encabezado por el Ministro de Deportes, doctor Jaime David Fern\u00e1ndez Mirabal. La justa se [&hellip;]<\/p>\n","protected":false},"author":3,"featured_media":0,"comment_status":"open","ping_status":"open","sticky":false,"template":"","format":"standard","meta":{"footnotes":""},"categories":[17],"tags":[],"class_list":["post-213018","post","type-post","status-publish","format-standard","hentry","category-deportes"],"_links":{"self":[{"href":"https:\/\/diariodominicano.com\/index.php?rest_route=\/wp\/v2\/posts\/213018","targetHints":{"allow":["GET"]}}],"collection":[{"href":"https:\/\/diariodominicano.com\/index.php?rest_route=\/wp\/v2\/posts"}],"about":[{"href":"https:\/\/diariodominicano.com\/index.php?rest_route=\/wp\/v2\/types\/post"}],"author":[{"embeddable":true,"href":"https:\/\/diariodominicano.com\/index.php?rest_route=\/wp\/v2\/users\/3"}],"replies":[{"embeddable":true,"href":"https:\/\/diariodominicano.com\/index.php?rest_route=%2Fwp%2Fv2%2Fcomments&post=213018"}],"version-history":[{"count":0,"href":"https:\/\/diariodominicano.com\/index.php?rest_route=\/wp\/v2\/posts\/213018\/revisions"}],"wp:attachment":[{"href":"https:\/\/diariodominicano.com\/index.php?rest_route=%2Fwp%2Fv2%2Fmedia&parent=213018"}],"wp:term":[{"taxonomy":"category","embeddable":true,"href":"https:\/\/diariodominicano.com\/index.php?rest_route=%2Fwp%2Fv2%2Fcategories&post=213018"},{"taxonomy":"post_tag","embeddable":true,"href":"https:\/\/diariodominicano.com\/index.php?rest_route=%2Fwp%2Fv2%2Ftags&post=213018"}],"curies":[{"name":"wp","href":"https:\/\/api.w.org\/{rel}","templated":true}]}}