{"id":213017,"date":"2013-07-08T20:59:13","date_gmt":"2013-07-08T20:59:13","guid":{"rendered":"http:\/\/diariodominicano.ddns.net\/?p=213017"},"modified":"2013-07-08T20:59:13","modified_gmt":"2013-07-08T20:59:13","slug":"equipo-dn-arrasa-con-9-oro-y-gana-torneo-nacional-karate-en-spm","status":"publish","type":"post","link":"https:\/\/diariodominicano.com\/?p=213017","title":{"rendered":"Equipo DN arrasa con 9 oro y gana Torneo Nacional Karate en SPM&#13;"},"content":{"rendered":"<p><body><\/p>\n<p><img decoding=\"async\" src=\"img3\/karate.jpg\" \/>  <\/p>\n<p><span class=\"text1noticias\">San Pedro de Macoris, RD, 8 de Julio.-La representaci\u00f3n del Distrito Nacional se alz\u00f3 con los m\u00e1ximos honores del Campeonato Nacional Infantil de Karate que se llev\u00f3 a cabo con rotundo \u00e9xito en el techado de aqu\u00ed con la participaci\u00f3n de atletas de 24 provincias, evento organizado por la Federaci\u00f3n Dominicana de Karate.<\/span><\/p>\n<\/p>\n<p><span class=\"text1noticias\">El conjunto del Distrito Nacional conquist\u00f3 con su tropa unas nueve medallas de oro, tres de plata y cuatro bronce.<\/span><\/p>\n<\/p>\n<p><span class=\"text1noticias\">Minetras que el seleccionado de Santiago de los Caballeros, en representaci\u00f3n de la Regi\u00f3n Norte, se qued\u00f3 con el segundo lugar de la contienda, al acumular seis preseas de oro, cinco de plata y cuatro de bronce.<\/span><\/p>\n<\/p>\n<p><span class=\"text1noticias\">El tercer puesto fue para San Crist\u00f3bal de la Regi\u00f3n Sur que se llev\u00f3 un oro, tres plata y dos bronce.<\/span><\/p>\n<\/p>\n<p><span class=\"text1noticias\">El evento de Karate estuvo dedicado al ingeniero Jhonny Jones, Secretario General de la Liga Municipal Dominicana.<\/span><\/p>\n<\/p>\n<p><span class=\"text1noticias\">Premiaci\u00f3n<\/span><\/p>\n<\/p>\n<p><span class=\"text1noticias\">Tras concluir el evento de tres dias, el presidente de la Federaci\u00f3n Dominicana de Karate, profesor Jos\u00e9 Luis Ram\u00edrez, entreg\u00f3 el trofeo del \u00abGran Campe\u00f2n\u00bb a los atletas y directivos del Distrito Nacional, los cuales no escondieron su alegr\u00eda y satisfacci\u00f3n.<\/span><\/p>\n<\/p>\n<p><span class=\"text1noticias\">\u00abAqu\u00ed todos somos campeones, en el deporte se premian a los primeros lugares, pero todos hemos ganado, ya que aqu\u00ed est\u00e1 el futuro del Karate dominicano\u00bb, dijo con satisfacci\u00f3n Ram\u00edrez.<\/span><\/p>\n<\/p>\n<p><span class=\"text1noticias\">Felicit\u00f3 a todos los atletas, entrenadores y dirigentes, as\u00ed como a los miembros del Comit\u00e9 Ejecutivo, al cuerpo t\u00e9cnico y de \u00e1rbitros, a todos los presidentes de las Asociaciones por el gran trabajo que realizaron para hacer realidad este torneo calendario.<\/span><\/p>\n<\/p>\n<p><span class=\"text1noticias\">\u00abSeguimos avanzando\u00bb, dijo Ram\u00edrez.(HG)<\/span>.<\/p>\n<\/p>\n<h6> 2013-07-08 20:59:13 <\/h6>\n<p><!--\n<link rel=\"stylesheet\" href=\"css\/bootstrap.min.css\">\n\n\n<ul class=\"pagination\">\n\t    \n\t\n\n<li >\n\t<a href='?page_no=20126'>Previous<\/a>\n\t<\/li>\n\n\n       \n    \n\n<li><a href='?page_no=1'>1<\/a><\/li>\n\n\n\n<li><a href='?page_no=2'>2<\/a><\/li>\n\n\n\n<li><a>...<\/a><\/li>\n\n\n\n<li><a href='?page_no=20125'>20125<\/a><\/li>\n\n\n\n<li><a href='?page_no=20126'>20126<\/a><\/li>\n\n\n\n<li class='active'><a>20127<\/a><\/li>\n\n\n\n<li><a href='?page_no=20128'>20128<\/a><\/li>\n\n\n\n<li><a href='?page_no=20129'>20129<\/a><\/li>\n\n\n\n<li><a>...<\/a><\/li>\n\n\n\n<li><a href='?page_no=36618'>36618<\/a><\/li>\n\n\n\n<li><a href='?page_no=36619'>36619<\/a><\/li>\n\n    \n\t\n\n<li >\n\t<a href='?page_no=20128'>Next<\/a>\n\t<\/li>\n\n\n    \n\n<li><a href='?page_no=36619'>Last &rsaquo;&rsaquo;<\/a><\/li>\n\n<\/ul>\n\n\n--><br \/>\n<\/body><\/p>\n","protected":false},"excerpt":{"rendered":"<p>San Pedro de Macoris, RD, 8 de Julio.-La representaci\u00f3n del Distrito Nacional se alz\u00f3 con los m\u00e1ximos honores del Campeonato Nacional Infantil de Karate que se llev\u00f3 a cabo con rotundo \u00e9xito en el techado de aqu\u00ed con la participaci\u00f3n de atletas de 24 provincias, evento organizado por la Federaci\u00f3n Dominicana de Karate. El conjunto [&hellip;]<\/p>\n","protected":false},"author":3,"featured_media":0,"comment_status":"open","ping_status":"open","sticky":false,"template":"","format":"standard","meta":{"footnotes":""},"categories":[17],"tags":[],"class_list":["post-213017","post","type-post","status-publish","format-standard","hentry","category-deportes"],"_links":{"self":[{"href":"https:\/\/diariodominicano.com\/index.php?rest_route=\/wp\/v2\/posts\/213017","targetHints":{"allow":["GET"]}}],"collection":[{"href":"https:\/\/diariodominicano.com\/index.php?rest_route=\/wp\/v2\/posts"}],"about":[{"href":"https:\/\/diariodominicano.com\/index.php?rest_route=\/wp\/v2\/types\/post"}],"author":[{"embeddable":true,"href":"https:\/\/diariodominicano.com\/index.php?rest_route=\/wp\/v2\/users\/3"}],"replies":[{"embeddable":true,"href":"https:\/\/diariodominicano.com\/index.php?rest_route=%2Fwp%2Fv2%2Fcomments&post=213017"}],"version-history":[{"count":0,"href":"https:\/\/diariodominicano.com\/index.php?rest_route=\/wp\/v2\/posts\/213017\/revisions"}],"wp:attachment":[{"href":"https:\/\/diariodominicano.com\/index.php?rest_route=%2Fwp%2Fv2%2Fmedia&parent=213017"}],"wp:term":[{"taxonomy":"category","embeddable":true,"href":"https:\/\/diariodominicano.com\/index.php?rest_route=%2Fwp%2Fv2%2Fcategories&post=213017"},{"taxonomy":"post_tag","embeddable":true,"href":"https:\/\/diariodominicano.com\/index.php?rest_route=%2Fwp%2Fv2%2Ftags&post=213017"}],"curies":[{"name":"wp","href":"https:\/\/api.w.org\/{rel}","templated":true}]}}