{"id":213010,"date":"2013-07-09T20:51:13","date_gmt":"2013-07-09T20:51:13","guid":{"rendered":"http:\/\/diariodominicano.ddns.net\/?p=213010"},"modified":"2013-07-09T20:51:13","modified_gmt":"2013-07-09T20:51:13","slug":"gran-premio-de-autos-y-motos-cumple-todas-las-expectativas","status":"publish","type":"post","link":"https:\/\/diariodominicano.com\/?p=213010","title":{"rendered":"Gran Premio de Autos y Motos cumple todas las expectativas"},"content":{"rendered":"<p><body><\/p>\n<p><img decoding=\"async\" src=\"img3\/Chicon.jpg\" \/>  <\/p>\n<p><span class=\"text1noticias\">Santo Domingo, RD, 09 de Julio.-En el Gran Premio de Autos y Motos celebrado en el Aut\u00f3dromoMobil 1 Veinte pilotos participaron en la misma con Wayne Veras domin\u00e1ndolos a todos y ganando c\u00f3modamente las dos carreras del dia. <\/span><\/p>\n<\/p>\n<p><span class=\"text1noticias\">De igual forma, el Cubano Nirio Rivero se enfrasc\u00f3 en una lucha sin cuartel en la categor\u00eda Super Sport 600 con Waldis Veras poniendo a vibrar de emoci\u00f3n a los miles de fan\u00e1ticos que colmaban las grader\u00edas del Aut\u00f3dromo Mobil 1, manteni\u00e9ndose atentos a cada movimiento que estos ases de las dos ruedas realizaban en la pista. <\/span><\/p>\n<\/p>\n<p><span class=\"text1noticias\">PersioLopez volvi\u00f3 a marcar el ritmo en la Pro Bike demostrando un alto nivel de competencia adquirido en sus a\u00f1os corriendo baja cilindrada. En la SuperBike, Waldis Veras sali\u00f3 airoso sobre un Emilio Pe\u00f1a que se mantuvo todo el tiempo al asecho del espigado campe\u00f3n teni\u00e9ndose que conformar con el segundo puesto del p\u00f3dium.<\/span><\/p>\n<\/p>\n<p><span class=\"text1noticias\">Una vez cay\u00f3 la noche el evento dio paso a los autos donde las sorpresas estuvieron a la orden del d\u00eda. Jose Ricardo Leroux obtuvo su primera victoria en su nuevo auto el cual hab\u00eda resultado dif\u00edcil para el m\u00faltiple campe\u00f3n adaptarlo al trazado del AutodromoMobil 1, pero finalmente en el evento nocturno vi\u00f3 caer la bandera de cuadros antes que cualquiera de sus adversarios. <\/span><\/p>\n<\/p>\n<p><span class=\"text1noticias\">En la segunda carrera del d\u00eda, el norteamericano  Jeff Altenburg volvi\u00f3 a imponerse, afianz\u00e1ndose en el liderazgo del campeonato, siendo escoltado en el p\u00f3dium por dos pilotos que por primera vez en el a\u00f1o suben al \u00e1rea de premiaci\u00f3n, el haitiano JackyKahwly y el dominicano RuddyPerez.<\/span><\/p>\n<\/p>\n<p><span class=\"text1noticias\">En la categor\u00eda ST la primera sorpresa del d\u00eda la puso Tomas Urbaez, el cual en su nuevo auto logr\u00f3 dominar la categor\u00eda m\u00e1s competitiva del automovilismo nacional, desplazando a la segunda posici\u00f3n al favorito y l\u00edder del campeonato Cristian Bonnet, el cual junto a Ricky Perdomo  lucharon hasta el final por darle caza a Urbaez sin tener \u00e9xito en su misi\u00f3n.  En la segunda carrera del d\u00eda el p\u00f3dium fue totalmente diferente a la primera carrera, teniendo en lo m\u00e1s alto al piloto Lenin Hern\u00e1ndez, el cual sali\u00f3 delante y luch\u00f3 junto a Jonathan Basden hasta el final con una llegada pr\u00e1cticamente de foto-finish, saliendo Hern\u00e1ndez con la mejor parte. La tercera posici\u00f3n correspondi\u00f3 a Jos\u00e9 Medina el cual subi\u00f3 por primera vez al p\u00f3dium de esta competitiva categor\u00eda.<\/span><\/p>\n<\/p>\n<p><span class=\"text1noticias\">Otra de las sorpresas de la noche fue la victoria de Jos\u00e9 Miguel Chic\u00f3n en la segunda carrera de la Turismo Nacional, Chic\u00f3n fue invitado a correr el auto MG de British Motors, un auto que apenas ha corrido en dos eventos previos sin lograr grandes resultados y en esta ocasi\u00f3n subi\u00f3 a lo m\u00e1s alto del p\u00f3dium, sorprendiendo a todos sus adversarios de la categor\u00eda incluyendo a Marco Cabral, ganador de la primera carrera del d\u00eda y quien trat\u00f3 hasta el final de alcanzar a Chic\u00f3n sin poder lograrlo.<\/span><\/p>\n<\/p>\n<p><span class=\"text1noticias\">La carrera nocturna dej\u00f3 muy satisfechos a los pilotos ya que la pista de 2.7 kilometros qued\u00f3 totalmente iluminada permitiendo una alta visibilidad para los corredores y el p\u00fablico, adem\u00e1s de que el ambiente m\u00e1s fresco ayud\u00f3 a tener un mejor desempe\u00f1o y menos desgaste f\u00edsico de los mismos. De igual forma el ambiente de fiesta que se vivi\u00f3 en el Aut\u00f3dromo Mobil 1 era palpable entre el p\u00fablico el cual disfrutaba del espect\u00e1culo desde las diferentes \u00e1reas habilitadas para ver la competencia.<\/span><\/p>\n<\/p>\n<p><span class=\"text1noticias\">El cierre del evento presentado por Brahma Light, estuvo al m\u00e1s alto nivel con los artistas Amara La Negra, Mozart La Para y Jowell y Randy, quienes lograron encender el p\u00fablico que se hab\u00eda dado cita en el Aut\u00f3dromo Mobil 1 para el kilom\u00e9trico evento. Una vez finalizaron las carreras el escenario se encendi\u00f3 y recibi\u00f3 a Amara La Negra, la cual dio paso a Mozart La Para que puso a los miles de fan\u00e1ticos presentes a cantar a coro todas sus canciones llenando de adrenalina y emoci\u00f3n al p\u00fablico previo a recibir a los invitados internacionales Jowell y Randy, quienes junto a un nutrido grupo de cantantes urbanos cerraron el Gran Premio de Autos y Motos por todo lo alto.(HG)<\/span>.<\/p>\n<\/p>\n<h6> 2013-07-09 20:51:13 <\/h6>\n<p><!--\n<link rel=\"stylesheet\" href=\"css\/bootstrap.min.css\">\n\n\n<ul class=\"pagination\">\n\t    \n\t\n\n<li >\n\t<a href='?page_no=20119'>Previous<\/a>\n\t<\/li>\n\n\n       \n    \n\n<li><a href='?page_no=1'>1<\/a><\/li>\n\n\n\n<li><a href='?page_no=2'>2<\/a><\/li>\n\n\n\n<li><a>...<\/a><\/li>\n\n\n\n<li><a href='?page_no=20118'>20118<\/a><\/li>\n\n\n\n<li><a href='?page_no=20119'>20119<\/a><\/li>\n\n\n\n<li class='active'><a>20120<\/a><\/li>\n\n\n\n<li><a href='?page_no=20121'>20121<\/a><\/li>\n\n\n\n<li><a href='?page_no=20122'>20122<\/a><\/li>\n\n\n\n<li><a>...<\/a><\/li>\n\n\n\n<li><a href='?page_no=36618'>36618<\/a><\/li>\n\n\n\n<li><a href='?page_no=36619'>36619<\/a><\/li>\n\n    \n\t\n\n<li >\n\t<a href='?page_no=20121'>Next<\/a>\n\t<\/li>\n\n\n    \n\n<li><a href='?page_no=36619'>Last &rsaquo;&rsaquo;<\/a><\/li>\n\n<\/ul>\n\n\n--><br \/>\n<\/body><\/p>\n","protected":false},"excerpt":{"rendered":"<p>Santo Domingo, RD, 09 de Julio.-En el Gran Premio de Autos y Motos celebrado en el Aut\u00f3dromoMobil 1 Veinte pilotos participaron en la misma con Wayne Veras domin\u00e1ndolos a todos y ganando c\u00f3modamente las dos carreras del dia. De igual forma, el Cubano Nirio Rivero se enfrasc\u00f3 en una lucha sin cuartel en la categor\u00eda [&hellip;]<\/p>\n","protected":false},"author":3,"featured_media":0,"comment_status":"open","ping_status":"open","sticky":false,"template":"","format":"standard","meta":{"footnotes":""},"categories":[17],"tags":[],"class_list":["post-213010","post","type-post","status-publish","format-standard","hentry","category-deportes"],"_links":{"self":[{"href":"https:\/\/diariodominicano.com\/index.php?rest_route=\/wp\/v2\/posts\/213010","targetHints":{"allow":["GET"]}}],"collection":[{"href":"https:\/\/diariodominicano.com\/index.php?rest_route=\/wp\/v2\/posts"}],"about":[{"href":"https:\/\/diariodominicano.com\/index.php?rest_route=\/wp\/v2\/types\/post"}],"author":[{"embeddable":true,"href":"https:\/\/diariodominicano.com\/index.php?rest_route=\/wp\/v2\/users\/3"}],"replies":[{"embeddable":true,"href":"https:\/\/diariodominicano.com\/index.php?rest_route=%2Fwp%2Fv2%2Fcomments&post=213010"}],"version-history":[{"count":0,"href":"https:\/\/diariodominicano.com\/index.php?rest_route=\/wp\/v2\/posts\/213010\/revisions"}],"wp:attachment":[{"href":"https:\/\/diariodominicano.com\/index.php?rest_route=%2Fwp%2Fv2%2Fmedia&parent=213010"}],"wp:term":[{"taxonomy":"category","embeddable":true,"href":"https:\/\/diariodominicano.com\/index.php?rest_route=%2Fwp%2Fv2%2Fcategories&post=213010"},{"taxonomy":"post_tag","embeddable":true,"href":"https:\/\/diariodominicano.com\/index.php?rest_route=%2Fwp%2Fv2%2Ftags&post=213010"}],"curies":[{"name":"wp","href":"https:\/\/api.w.org\/{rel}","templated":true}]}}