{"id":213007,"date":"2013-07-09T22:19:36","date_gmt":"2013-07-09T22:19:36","guid":{"rendered":"http:\/\/diariodominicano.ddns.net\/?p=213007"},"modified":"2013-07-09T22:19:36","modified_gmt":"2013-07-09T22:19:36","slug":"presentan-pilotos-llegan-del-extranjero-a-motocross-kendall-del-domingo-jarabacoa","status":"publish","type":"post","link":"https:\/\/diariodominicano.com\/?p=213007","title":{"rendered":"Presentan pilotos llegan del extranjero a motocross Kendall del domingo Jarabacoa"},"content":{"rendered":"<p><body><\/p>\n<p><img decoding=\"async\" src=\"img3\/pilotos.jpg\" \/>  <\/p>\n<p><span class=\"text1noticias\">Santiago, RD, 9 de Julio.-Fueron recibidos este  martes en autocentro MAU, Santiago, ocho pilotos llegados desde Ecuador, Costa Rica y Estados Unidos, para participar en la s\u00e9ptima competencia puntuable del campeonato nacional Kendall de Motocross que se correr\u00e1 el pr\u00f3ximo domingo en Jarabacoa.<\/span><\/p>\n<\/p>\n<p><span class=\"text1noticias\">         Ahora solo faltan los representantes de Puerto Rico, quienes arribar\u00e1n al pa\u00eds el jueves y el viernes, respectivamente, para completar once pilotos que estar\u00e1n presentes en el evento.<\/span><\/p>\n<\/p>\n<p><span class=\"text1noticias\">         Los extranjeros son el estelar piloto de Costa Rica, David Chac\u00f3n; los ecuatorianos, Carlos Andrades y Andr\u00e9s Benen\u00e1ula, todos expertos y el cubano de los 85cc, Max Angles.<\/span><\/p>\n<\/p>\n<p><span class=\"text1noticias\">         Los pilotos dominicanos Miguel Dur\u00e1n y Jos\u00e9 N\u00fa\u00f1ez, as\u00ed como los hermanitos, Jason y Alvin Caba, llegaron procedentes de Nueva York.<\/span><\/p>\n<\/p>\n<p><span class=\"text1noticias\">         Ahora son esperados los pilotos de Puerto Rico, Ulises Velazcos y Roberto Gonz\u00e1lez, quienes llegan el jueves al pa\u00eds y la campeona de la Isla del Encanto, Karina Carrasquillo, que viene el viernes.<\/span><\/p>\n<\/p>\n<p><span class=\"text1noticias\">         Los pilotos fueron recibidos por el licenciado Robertson N\u00fa\u00f1ez, director financiero de Manuel Arsenio Ure\u00f1a. S. A., auspiciadores del evento con la marca lubricantes Kendall y el principal organizador, Pepe Caba, quienes igual que los pilotos se dirigieron a los presentes.<\/span><\/p>\n<\/p>\n<p><span class=\"text1noticias\">All\u00ed estuvieron el licenciado Carlos P\u00e9rez, subgerente de mercadeo de la misma empresa y el doble campe\u00f3n nacional, Glasses Jim\u00e9nez, entre otros.<\/span><\/p>\n<\/p>\n<p><span class=\"text1noticias\">El evento puntuable est\u00e1 previsto para comenzar a las diez y media de la ma\u00f1ana del domingo, se correr\u00e1 en todas las categor\u00edas del campeonato nacional Kendall de motocross, son, pee wee, super pee wee, 65cc, novatos, 85cc, master, pre-expertos y expertos, todas a dos mangas.(HG)<\/span>.<\/p>\n<h6> 2013-07-09 22:19:36 <\/h6>\n<p><!--\n<link rel=\"stylesheet\" href=\"css\/bootstrap.min.css\">\n\n\n<ul class=\"pagination\">\n\t    \n\t\n\n<li >\n\t<a href='?page_no=20116'>Previous<\/a>\n\t<\/li>\n\n\n       \n    \n\n<li><a href='?page_no=1'>1<\/a><\/li>\n\n\n\n<li><a href='?page_no=2'>2<\/a><\/li>\n\n\n\n<li><a>...<\/a><\/li>\n\n\n\n<li><a href='?page_no=20115'>20115<\/a><\/li>\n\n\n\n<li><a href='?page_no=20116'>20116<\/a><\/li>\n\n\n\n<li class='active'><a>20117<\/a><\/li>\n\n\n\n<li><a href='?page_no=20118'>20118<\/a><\/li>\n\n\n\n<li><a href='?page_no=20119'>20119<\/a><\/li>\n\n\n\n<li><a>...<\/a><\/li>\n\n\n\n<li><a href='?page_no=36618'>36618<\/a><\/li>\n\n\n\n<li><a href='?page_no=36619'>36619<\/a><\/li>\n\n    \n\t\n\n<li >\n\t<a href='?page_no=20118'>Next<\/a>\n\t<\/li>\n\n\n    \n\n<li><a href='?page_no=36619'>Last &rsaquo;&rsaquo;<\/a><\/li>\n\n<\/ul>\n\n\n--><br \/>\n<\/body><\/p>\n","protected":false},"excerpt":{"rendered":"<p>Santiago, RD, 9 de Julio.-Fueron recibidos este martes en autocentro MAU, Santiago, ocho pilotos llegados desde Ecuador, Costa Rica y Estados Unidos, para participar en la s\u00e9ptima competencia puntuable del campeonato nacional Kendall de Motocross que se correr\u00e1 el pr\u00f3ximo domingo en Jarabacoa. Ahora solo faltan los representantes de Puerto Rico, quienes arribar\u00e1n al pa\u00eds [&hellip;]<\/p>\n","protected":false},"author":3,"featured_media":0,"comment_status":"open","ping_status":"open","sticky":false,"template":"","format":"standard","meta":{"footnotes":""},"categories":[17],"tags":[],"class_list":["post-213007","post","type-post","status-publish","format-standard","hentry","category-deportes"],"_links":{"self":[{"href":"https:\/\/diariodominicano.com\/index.php?rest_route=\/wp\/v2\/posts\/213007","targetHints":{"allow":["GET"]}}],"collection":[{"href":"https:\/\/diariodominicano.com\/index.php?rest_route=\/wp\/v2\/posts"}],"about":[{"href":"https:\/\/diariodominicano.com\/index.php?rest_route=\/wp\/v2\/types\/post"}],"author":[{"embeddable":true,"href":"https:\/\/diariodominicano.com\/index.php?rest_route=\/wp\/v2\/users\/3"}],"replies":[{"embeddable":true,"href":"https:\/\/diariodominicano.com\/index.php?rest_route=%2Fwp%2Fv2%2Fcomments&post=213007"}],"version-history":[{"count":0,"href":"https:\/\/diariodominicano.com\/index.php?rest_route=\/wp\/v2\/posts\/213007\/revisions"}],"wp:attachment":[{"href":"https:\/\/diariodominicano.com\/index.php?rest_route=%2Fwp%2Fv2%2Fmedia&parent=213007"}],"wp:term":[{"taxonomy":"category","embeddable":true,"href":"https:\/\/diariodominicano.com\/index.php?rest_route=%2Fwp%2Fv2%2Fcategories&post=213007"},{"taxonomy":"post_tag","embeddable":true,"href":"https:\/\/diariodominicano.com\/index.php?rest_route=%2Fwp%2Fv2%2Ftags&post=213007"}],"curies":[{"name":"wp","href":"https:\/\/api.w.org\/{rel}","templated":true}]}}