{"id":213003,"date":"2013-07-10T16:34:11","date_gmt":"2013-07-10T16:34:11","guid":{"rendered":"http:\/\/diariodominicano.ddns.net\/?p=213003"},"modified":"2013-07-10T16:34:11","modified_gmt":"2013-07-10T16:34:11","slug":"marcel-kittelgana-10ma-etapa-en-tour-de-francia","status":"publish","type":"post","link":"https:\/\/diariodominicano.com\/?p=213003","title":{"rendered":"Marcel  Kittelgana 10ma. etapa en Tour de Francia"},"content":{"rendered":"<p><body><\/p>\n<p><img decoding=\"async\" src=\"img3\/ciclista 10.jpeg\" \/>  <\/p>\n<p>Saint-Malo 10 julio.- El alem\u00e1n Marcel Kittel super\u00f3 a sus rivales en un re\u00f1ido embalaje final para ganar ayer martes la d\u00e9cima etapa del Tour de Francia, mientras Chris Froome evit\u00f3 riesgos y mantuvo la casaca amarilla de puntero.<\/p>\n<\/p>\n<p>Kittel resisti\u00f3 las embestidas de su compatriota Andre Greipel y de Mark Cavendish para ganar su segunda etapa del Tour. Pero Cavendish podr\u00eda estar en dificultades despu\u00e9s que pareci\u00f3 haber empujado al holand\u00e9s Tom Veelers en ese tramo final a toda velocidad.<\/p>\n<\/p>\n<p>Despu\u00e9s de un d\u00eda de descanso, el trayecto plano de 197 kil\u00f3metros (122 millas) tuvo largada en Saint-Gildas-Des-Bois en el noroeste de Francia y la meta en la ciudad portuaria de Saint-Malo, un destino tur\u00edstico popular en la costa norte de Breta\u00f1a.<\/p>\n<\/p>\n<p>Froome, que el a\u00f1o pasado lleg\u00f3 segundo de su compatriota Bradley Wiggins en el Tour del a\u00f1o pasado, mantiene una c\u00f3moda ventaja sobre su escolta Alejandro Valverde y el bicampe\u00f3n Alberto Contador.<\/p>\n<\/p>\n<p>Kittel, de 25 a\u00f1os, es el primero que gana dos etapas este a\u00f1o despu\u00e9s de haber ganado la primera.<\/p>\n<\/p>\n<p>\u00abLas cosas salieron muy bien para mi equipo hoy\u00bb, dijo Kittel.<\/p>\n<\/p>\n<p>Peter Sagan, quien el a\u00f1o pasado conquist\u00f3 la casaca verde al mejor velocista, lleg\u00f3 cuarto. El eslovaco mantiene una amplia ventaja en ese rubro sobre Greipel y 103 sobre su archirrival Cavendish, que gan\u00f3 la casaca verde en el 2011.<\/p>\n<\/p>\n<p>El tramo final a la meta parec\u00eda a pedir de boca para Cavendish, que buscaba su vigesimoquinta victoria en una etapa del Tour para igualar con el franc\u00e9s Andre Leducq la tabla de todos los tiempos de ganadores de etapas en esta carrera.<\/p>\n<\/p>\n<p>Pero cuando el brit\u00e1nico se coloc\u00f3 en posici\u00f3n para atacar antes de la curva final, Cavendish pareci\u00f3 inclinarse hacia Veelers y el corredor de Argos-Shimano sali\u00f3 despedido por los aires. Las autoridades de la carrera examinan el incidente.<\/p>\n<\/p>\n<p>\u00abEspero que Tom no est\u00e9 muy lastimado\u00bb, dijo su compa\u00f1ero Kittel.<\/p>\n<\/p>\n<p>Cavendish admiti\u00f3 que \u00ablo toqu\u00e9. El camino estaba inclinado a la izquierda. S\u00ed, fue mi falta. Espero que est\u00e9 bien.<\/p>\n<\/p>\n<p>Froome dijo que \u00abesa es la peor pesadilla para todos. Por suerte yo estaba al costado y pude eludirlo sin problemas\u00bb.<\/p>\n<\/p>\n<p>Por su parte Froome buscar\u00e1 extender su ventaja en la general en la contrarreloj del mi\u00e9rcoles, un tramo de 33 kil\u00f3metros (20,5 millas) entre Avranches y Mont-Saint-Michell, en Normand\u00eda.<\/p>\n<\/p>\n<p>\u00abMe siento mucho mejor despu\u00e9s de un d\u00eda de descanso\u00bb, dijo Froome. \u00abTodo el equipo disfrut\u00f3 del descanso y estamos listos para las pr\u00f3ximas semanas. La contrarreloj ser\u00e1 una oportunidad muy buena para m\u00ed\u00bb.<\/p>\n<\/p>\n<p>Posiciones<\/p>\n<p>Froome, de Sky Procycling, encabeza la general con 41 horas, 52 minutos y 43 segundos. Le siguen Alejandro Valverde (Movistar) a 1:25, Bauke Mollema (Belkin) a 1:44, Laursen Ten Dam (Belkind) a 1:50, Roman Kreuziger (Saxo-Tinkoff) a 1:51 y Alberto Contador (Saxo-Tinkoff) a 1:51. S\u00e9ptimo sigue el colombiano Nairo Alexander Quintana (Movistar) a 2:02.<\/p>\n<\/p>\n<p>Cinco ciclistas, entre ellos los franceses Jerome Cousin y Julien Simon, el holand\u00e9s Lieuwe Westra y los espa\u00f1oles Luis Angel y Juan Jos\u00e9 Oroz, atacaron desde el comienzo y llegaron a abrir una ventaja de cinco minutos. Pero fueron alcanzados faltando menos de seis kil\u00f3metros para la meta.<\/p>\n<h6> 2013-07-10 16:34:11 <\/h6>\n<p><!--\n<link rel=\"stylesheet\" href=\"css\/bootstrap.min.css\">\n\n\n<ul class=\"pagination\">\n\t    \n\t\n\n<li >\n\t<a href='?page_no=20112'>Previous<\/a>\n\t<\/li>\n\n\n       \n    \n\n<li><a href='?page_no=1'>1<\/a><\/li>\n\n\n\n<li><a href='?page_no=2'>2<\/a><\/li>\n\n\n\n<li><a>...<\/a><\/li>\n\n\n\n<li><a href='?page_no=20111'>20111<\/a><\/li>\n\n\n\n<li><a href='?page_no=20112'>20112<\/a><\/li>\n\n\n\n<li class='active'><a>20113<\/a><\/li>\n\n\n\n<li><a href='?page_no=20114'>20114<\/a><\/li>\n\n\n\n<li><a href='?page_no=20115'>20115<\/a><\/li>\n\n\n\n<li><a>...<\/a><\/li>\n\n\n\n<li><a href='?page_no=36618'>36618<\/a><\/li>\n\n\n\n<li><a href='?page_no=36619'>36619<\/a><\/li>\n\n    \n\t\n\n<li >\n\t<a href='?page_no=20114'>Next<\/a>\n\t<\/li>\n\n\n    \n\n<li><a href='?page_no=36619'>Last &rsaquo;&rsaquo;<\/a><\/li>\n\n<\/ul>\n\n\n--><br \/>\n<\/body><\/p>\n","protected":false},"excerpt":{"rendered":"<p>Saint-Malo 10 julio.- El alem\u00e1n Marcel Kittel super\u00f3 a sus rivales en un re\u00f1ido embalaje final para ganar ayer martes la d\u00e9cima etapa del Tour de Francia, mientras Chris Froome evit\u00f3 riesgos y mantuvo la casaca amarilla de puntero. Kittel resisti\u00f3 las embestidas de su compatriota Andre Greipel y de Mark Cavendish para ganar su [&hellip;]<\/p>\n","protected":false},"author":3,"featured_media":0,"comment_status":"open","ping_status":"open","sticky":false,"template":"","format":"standard","meta":{"footnotes":""},"categories":[17],"tags":[],"class_list":["post-213003","post","type-post","status-publish","format-standard","hentry","category-deportes"],"_links":{"self":[{"href":"https:\/\/diariodominicano.com\/index.php?rest_route=\/wp\/v2\/posts\/213003","targetHints":{"allow":["GET"]}}],"collection":[{"href":"https:\/\/diariodominicano.com\/index.php?rest_route=\/wp\/v2\/posts"}],"about":[{"href":"https:\/\/diariodominicano.com\/index.php?rest_route=\/wp\/v2\/types\/post"}],"author":[{"embeddable":true,"href":"https:\/\/diariodominicano.com\/index.php?rest_route=\/wp\/v2\/users\/3"}],"replies":[{"embeddable":true,"href":"https:\/\/diariodominicano.com\/index.php?rest_route=%2Fwp%2Fv2%2Fcomments&post=213003"}],"version-history":[{"count":0,"href":"https:\/\/diariodominicano.com\/index.php?rest_route=\/wp\/v2\/posts\/213003\/revisions"}],"wp:attachment":[{"href":"https:\/\/diariodominicano.com\/index.php?rest_route=%2Fwp%2Fv2%2Fmedia&parent=213003"}],"wp:term":[{"taxonomy":"category","embeddable":true,"href":"https:\/\/diariodominicano.com\/index.php?rest_route=%2Fwp%2Fv2%2Fcategories&post=213003"},{"taxonomy":"post_tag","embeddable":true,"href":"https:\/\/diariodominicano.com\/index.php?rest_route=%2Fwp%2Fv2%2Ftags&post=213003"}],"curies":[{"name":"wp","href":"https:\/\/api.w.org\/{rel}","templated":true}]}}