{"id":212984,"date":"2013-07-12T14:42:31","date_gmt":"2013-07-12T14:42:31","guid":{"rendered":"http:\/\/diariodominicano.ddns.net\/?p=212984"},"modified":"2013-07-12T14:42:31","modified_gmt":"2013-07-12T14:42:31","slug":"boxeadores-dominicanos-protagonizaran-grandes-peleas-en-el-mes-de-agosto","status":"publish","type":"post","link":"https:\/\/diariodominicano.com\/?p=212984","title":{"rendered":"Boxeadores dominicanos protagonizar\u00e1n grandes peleas en el mes de agosto"},"content":{"rendered":"<p><body><\/p>\n<p><img decoding=\"async\" src=\"img3\/argenis 12.jpeg\" \/>  <\/p>\n<p>Santo Domingo RD 12 julio.- El campe\u00f3n mundial Argenis M\u00e9ndez encabezar\u00e1 una jornada internacional de boxeadores dominicanos radicados en el extranjero que sostendr\u00e1n importantes peleas en diferentes ciudades de los Estados Unidos a partir del pr\u00f3ximo mes.<\/p>\n<\/p>\n<p>M\u00e9ndez (21-2, 11KOs.), flamante titular de las 130 libras de la Federaci\u00f3n Internacional de Boxeo (FIB), y quien vive en Nueva York, har\u00e1 su primera defensa el 23 de agosto ante el retador Arash Usmanee (20-1, 10 KOs.), en Las Vegas, Nevada.<\/p>\n<\/p>\n<p>Usmanee, naci\u00f3 en Afganist\u00e1n, pero vive en Canad\u00e1, y recientemente perdi\u00f3 su invicto en una disputada pelea ante el cubano Ranc\u00e9s Barthelemy, retador oficial a la faja del dominicano.<\/p>\n<\/p>\n<p> (( Delvin Vs. Cotto <\/p>\n<p>Luego de dos fracasos titulares en los pesos welter y mediano junior, el dominicano Delvin Rodr\u00edguez (28-6-3, 16 KOs) tendr\u00e1 una gran oportunidad de volver a los primeros planos del boxeo cuando se mida el 5 de octubre al ex triple campe\u00f3n mundial Miguel Cotto (37-4, 30 KOs.) en un encuentro que televisar\u00e1 desde La Florida la cadena HBO. Cotto, ex rey de las 140, 147 y 154 libras e \u00eddolo de Puerto Rico, viene de perder sus \u00faltimos dos combates y regres\u00f3 a la empresa Top Rank a tratar de rehacer su carrera; su primer obst\u00e1culo ser\u00e1 el santiagu\u00e9s Rodr\u00edguez, quien gan\u00f3 por nocaut t\u00e9cnico su \u00faltima presentaci\u00f3n ante el cotizado mexicano Freddy Hern\u00e1ndez .<\/p>\n<\/p>\n<p> (( Se eleva el \u00abAbej\u00f3n\u00bb <\/p>\n<p>El pr\u00f3ximo 2 de agosto, en Miami, el invicto ex campe\u00f3n del mundo del peso pluma, Javier ?El Abej\u00f3n- Fortuna vuelve al entarimado ante Luis Franco y a distancia de 10 rondas .<\/p>\n<\/p>\n<p>Fortuna ha ganado sus 22 peleas profesionales, con 16 por la v\u00eda de la anestesia, mientras que Franco, tiene 11 triunfos, 7 por nocaut, y una derrota. El ex monarca romanense perdi\u00f3 su corona en el pesaje al no poder rebajar un cuarto de libra para su combate ante el retador mexicano Miguel Zamudio a quien luego fulmin\u00f3 de forma impresionante en el round inicial de su combate, en abril pasado .<\/p>\n<\/p>\n<p> (( Campeona retadora <\/p>\n<p>El pr\u00f3ximo 7 de septiembre la monarca mediano junior OMB, la dominicana Oxandia Castillo, har\u00e1 el rol de retadora bajando de peso para retar a la titular welter unificada por tres organizaciones e invicta Cecilia Braekhus .<\/p>\n<\/p>\n<p>La pelea ser\u00e1 celebrada en Dinamarca, donde reside Braekhus, de 31 a\u00f1os, quien es natural de Colombia, pero nacionalizada en esa naci\u00f3n europea. Promocionada como \u00abLa Primera Dama\u00bb, la colombiana reina en las 147 libras con los cinturones de la Asociaci\u00f3n, Consejo y Organizaci\u00f3n Mundial de Boxeo respectivamente .<\/p>\n<\/p>\n<h6> 2013-07-12 14:42:31 <\/h6>\n<p><!--\n<link rel=\"stylesheet\" href=\"css\/bootstrap.min.css\">\n\n\n<ul class=\"pagination\">\n\t    \n\t\n\n<li >\n\t<a href='?page_no=20093'>Previous<\/a>\n\t<\/li>\n\n\n       \n    \n\n<li><a href='?page_no=1'>1<\/a><\/li>\n\n\n\n<li><a href='?page_no=2'>2<\/a><\/li>\n\n\n\n<li><a>...<\/a><\/li>\n\n\n\n<li><a href='?page_no=20092'>20092<\/a><\/li>\n\n\n\n<li><a href='?page_no=20093'>20093<\/a><\/li>\n\n\n\n<li class='active'><a>20094<\/a><\/li>\n\n\n\n<li><a href='?page_no=20095'>20095<\/a><\/li>\n\n\n\n<li><a href='?page_no=20096'>20096<\/a><\/li>\n\n\n\n<li><a>...<\/a><\/li>\n\n\n\n<li><a href='?page_no=36618'>36618<\/a><\/li>\n\n\n\n<li><a href='?page_no=36619'>36619<\/a><\/li>\n\n    \n\t\n\n<li >\n\t<a href='?page_no=20095'>Next<\/a>\n\t<\/li>\n\n\n    \n\n<li><a href='?page_no=36619'>Last &rsaquo;&rsaquo;<\/a><\/li>\n\n<\/ul>\n\n\n--><br \/>\n<\/body><\/p>\n","protected":false},"excerpt":{"rendered":"<p>Santo Domingo RD 12 julio.- El campe\u00f3n mundial Argenis M\u00e9ndez encabezar\u00e1 una jornada internacional de boxeadores dominicanos radicados en el extranjero que sostendr\u00e1n importantes peleas en diferentes ciudades de los Estados Unidos a partir del pr\u00f3ximo mes. M\u00e9ndez (21-2, 11KOs.), flamante titular de las 130 libras de la Federaci\u00f3n Internacional de Boxeo (FIB), y quien [&hellip;]<\/p>\n","protected":false},"author":3,"featured_media":0,"comment_status":"open","ping_status":"open","sticky":false,"template":"","format":"standard","meta":{"footnotes":""},"categories":[17],"tags":[],"class_list":["post-212984","post","type-post","status-publish","format-standard","hentry","category-deportes"],"_links":{"self":[{"href":"https:\/\/diariodominicano.com\/index.php?rest_route=\/wp\/v2\/posts\/212984","targetHints":{"allow":["GET"]}}],"collection":[{"href":"https:\/\/diariodominicano.com\/index.php?rest_route=\/wp\/v2\/posts"}],"about":[{"href":"https:\/\/diariodominicano.com\/index.php?rest_route=\/wp\/v2\/types\/post"}],"author":[{"embeddable":true,"href":"https:\/\/diariodominicano.com\/index.php?rest_route=\/wp\/v2\/users\/3"}],"replies":[{"embeddable":true,"href":"https:\/\/diariodominicano.com\/index.php?rest_route=%2Fwp%2Fv2%2Fcomments&post=212984"}],"version-history":[{"count":0,"href":"https:\/\/diariodominicano.com\/index.php?rest_route=\/wp\/v2\/posts\/212984\/revisions"}],"wp:attachment":[{"href":"https:\/\/diariodominicano.com\/index.php?rest_route=%2Fwp%2Fv2%2Fmedia&parent=212984"}],"wp:term":[{"taxonomy":"category","embeddable":true,"href":"https:\/\/diariodominicano.com\/index.php?rest_route=%2Fwp%2Fv2%2Fcategories&post=212984"},{"taxonomy":"post_tag","embeddable":true,"href":"https:\/\/diariodominicano.com\/index.php?rest_route=%2Fwp%2Fv2%2Ftags&post=212984"}],"curies":[{"name":"wp","href":"https:\/\/api.w.org\/{rel}","templated":true}]}}