{"id":212979,"date":"2013-07-12T15:15:26","date_gmt":"2013-07-12T15:15:26","guid":{"rendered":"http:\/\/diariodominicano.ddns.net\/?p=212979"},"modified":"2013-07-12T15:15:26","modified_gmt":"2013-07-12T15:15:26","slug":"arqueros-van-a-torneo-en-busca-clasificacion-lya-solano-competira-en-arco-recurvo-femenino","status":"publish","type":"post","link":"https:\/\/diariodominicano.com\/?p=212979","title":{"rendered":"Arqueros van a torneo en busca clasificaci\u00f3n; Lya Solano competir\u00e1 en arco recurvo femenino"},"content":{"rendered":"<p><body><\/p>\n<p><img decoding=\"async\" src=\"img3\/arqueros 12.jpeg\" \/>  <\/p>\n<p>Santo Domingo RD 12 julio.- Un nutrido grupo de arqueros inician desde el pr\u00f3ximo lunes la carrera por la clasificaci\u00f3n hacia los Juegos Centroamericanos de Veracruz 2014 en el Campeonato del Mundo de Tiro con Arco que tendr\u00e1 lugar del 15 al 21 de este mes en Medell\u00edn, Colombia.<\/p>\n<\/p>\n<p>La delegaci\u00f3n dominicana, que est\u00e1 integrada por 13 atletas, partir\u00e1 este s\u00e1bado hacia Colombia para participar en la tercera pata de la Copa del Mundo de Tiro con Arco.<\/p>\n<\/p>\n<p>\u00abNuestro objetivo es lograr la mayor cantidad de boletos para los Juegos Centroamericanos de Veracruz. Tenemos una buena base de preparaci\u00f3n y esperamos cumplir con las expectativas\u00bb, sostuvo Jos\u00e9 Miguel Robiou, presidente de la Federaci\u00f3n Dominicana de Tiro con Arco (Fedota).<\/p>\n<\/p>\n<p>En arco recurvo masculino competir\u00e1n Andr\u00e9s Alfonseca, Jim Rosario y \u00c1lvaro Acevedo, mientras que en femenino figuran Lya Solano, Rosairys Guzm\u00e1n y F\u00e1tima Hern\u00e1ndez.<\/p>\n<\/p>\n<p>El veterano Par\u00eds Goico de Lara encabeza la modalidad arco compuesto masculino, seguido de Jos\u00e9 Yun\u00e9n, Jos\u00e9 Miguel Robiou Jr. y Tony Betances. En femenino est\u00e1n Carmen Espinal, Teresa Abreu y Santa Ortega.<\/p>\n<\/p>\n<p>Los 13 arqueros estar\u00e1n dirigidos por los entrenadores Manuel Bartumeu y Manuel Barcon, mientras que Jos\u00e9 Miguel Robiou asiste en calidad de delegado.<\/p>\n<\/p>\n<p>Adem\u00e1s del programa de competici\u00f3n, se llevar\u00e1 a cabo el congreso de la Confederaci\u00f3n Panamericana de Tiro con Arco (Coparco), donde tomar\u00e1n parte Robiou y B\u00e1rbara Hern\u00e1ndez, presidente y secretaria general de la Fedota, respectivamente.<\/p>\n<\/p>\n<p>En este congreso, en su edici\u00f3n 18, se elegir\u00e1n los nuevos representantes de Am\u00e9rica en la Federaci\u00f3n Internacional de Tiro con Arco (Word-Archery).<\/p>\n<h6> 2013-07-12 15:15:26 <\/h6>\n<p><!--\n<link rel=\"stylesheet\" href=\"css\/bootstrap.min.css\">\n\n\n<ul class=\"pagination\">\n\t    \n\t\n\n<li >\n\t<a href='?page_no=20088'>Previous<\/a>\n\t<\/li>\n\n\n       \n    \n\n<li><a href='?page_no=1'>1<\/a><\/li>\n\n\n\n<li><a href='?page_no=2'>2<\/a><\/li>\n\n\n\n<li><a>...<\/a><\/li>\n\n\n\n<li><a href='?page_no=20087'>20087<\/a><\/li>\n\n\n\n<li><a href='?page_no=20088'>20088<\/a><\/li>\n\n\n\n<li class='active'><a>20089<\/a><\/li>\n\n\n\n<li><a href='?page_no=20090'>20090<\/a><\/li>\n\n\n\n<li><a href='?page_no=20091'>20091<\/a><\/li>\n\n\n\n<li><a>...<\/a><\/li>\n\n\n\n<li><a href='?page_no=36618'>36618<\/a><\/li>\n\n\n\n<li><a href='?page_no=36619'>36619<\/a><\/li>\n\n    \n\t\n\n<li >\n\t<a href='?page_no=20090'>Next<\/a>\n\t<\/li>\n\n\n    \n\n<li><a href='?page_no=36619'>Last &rsaquo;&rsaquo;<\/a><\/li>\n\n<\/ul>\n\n\n--><br \/>\n<\/body><\/p>\n","protected":false},"excerpt":{"rendered":"<p>Santo Domingo RD 12 julio.- Un nutrido grupo de arqueros inician desde el pr\u00f3ximo lunes la carrera por la clasificaci\u00f3n hacia los Juegos Centroamericanos de Veracruz 2014 en el Campeonato del Mundo de Tiro con Arco que tendr\u00e1 lugar del 15 al 21 de este mes en Medell\u00edn, Colombia. La delegaci\u00f3n dominicana, que est\u00e1 integrada [&hellip;]<\/p>\n","protected":false},"author":3,"featured_media":0,"comment_status":"open","ping_status":"open","sticky":false,"template":"","format":"standard","meta":{"footnotes":""},"categories":[17],"tags":[],"class_list":["post-212979","post","type-post","status-publish","format-standard","hentry","category-deportes"],"_links":{"self":[{"href":"https:\/\/diariodominicano.com\/index.php?rest_route=\/wp\/v2\/posts\/212979","targetHints":{"allow":["GET"]}}],"collection":[{"href":"https:\/\/diariodominicano.com\/index.php?rest_route=\/wp\/v2\/posts"}],"about":[{"href":"https:\/\/diariodominicano.com\/index.php?rest_route=\/wp\/v2\/types\/post"}],"author":[{"embeddable":true,"href":"https:\/\/diariodominicano.com\/index.php?rest_route=\/wp\/v2\/users\/3"}],"replies":[{"embeddable":true,"href":"https:\/\/diariodominicano.com\/index.php?rest_route=%2Fwp%2Fv2%2Fcomments&post=212979"}],"version-history":[{"count":0,"href":"https:\/\/diariodominicano.com\/index.php?rest_route=\/wp\/v2\/posts\/212979\/revisions"}],"wp:attachment":[{"href":"https:\/\/diariodominicano.com\/index.php?rest_route=%2Fwp%2Fv2%2Fmedia&parent=212979"}],"wp:term":[{"taxonomy":"category","embeddable":true,"href":"https:\/\/diariodominicano.com\/index.php?rest_route=%2Fwp%2Fv2%2Fcategories&post=212979"},{"taxonomy":"post_tag","embeddable":true,"href":"https:\/\/diariodominicano.com\/index.php?rest_route=%2Fwp%2Fv2%2Ftags&post=212979"}],"curies":[{"name":"wp","href":"https:\/\/api.w.org\/{rel}","templated":true}]}}