{"id":212974,"date":"2013-07-13T19:41:49","date_gmt":"2013-07-13T19:41:49","guid":{"rendered":"http:\/\/diariodominicano.ddns.net\/?p=212974"},"modified":"2013-07-13T19:41:49","modified_gmt":"2013-07-13T19:41:49","slug":"eddy-medina-preside-xiv-torneo-basket-de-cenovi","status":"publish","type":"post","link":"https:\/\/diariodominicano.com\/?p=212974","title":{"rendered":"Eddy Medina preside XIV torneo Basket de Cenov\u00ed"},"content":{"rendered":"<p><body><\/p>\n<p><img decoding=\"async\" src=\"img3\/Eddy.jpg\" \/>  <\/p>\n<p><span class=\"text1noticias\">Cenov\u00ed, San Francisco de Macor\u00eds, RD, 13 de Julio.-El joven empresario Eddy Medina ha sido designado presidente del Comit\u00e9 Organizador del XIV Torneo Interligas de Baloncesto de Cenov\u00ed, pautado para arrancar el s\u00e1bado 27 de julio con participaci\u00f3n de seis equipos.<\/span><\/p>\n<\/p>\n<p><span class=\"text1noticias\">Medina, presidente de Opal Jeans y quien se caracteriza por ofrecer su apoyo a la ni\u00f1ez y la juventud a trav\u00e9s del deporte, recibi\u00f3 la dedicatoria del torneo anterior y ahora acept\u00f3 presidir la organizaci\u00f3n del evento que se disputar\u00e1 en la cancha del club Anacaona de la Cruz de Cenov\u00ed, provincia Duarte.<\/span><\/p>\n<\/p>\n<p><span class=\"text1noticias\">En el certamen del Frente Deportivo de Cenov\u00ed y la Uni\u00f3n de Ligas de Baloncesto, participan los tradicionales quintetos Los Piratas, Centinelas, Huracanes y Correcaminos y se agregan otros dos conjuntos municipales, para un total de seis, una cantidad in\u00e9dita.<\/span><\/p>\n<\/p>\n<p><span class=\"text1noticias\">Acompa\u00f1an a Medina en el Comit\u00e9, Omar Mercado como vicepresidente, Damaris De Coo, de Organizaci\u00f3n, Celin\u00e9 Mercado como tesorera y Lucy N\u00fa\u00f1ez secretaria. Como asesores fungen los licenciados Valent\u00edn Contreras y Andr\u00e9s Dur\u00e1n, as\u00ed como Delf\u00edn Peralta.(HG)<\/span>.<\/p>\n<h6> 2013-07-13 19:41:49 <\/h6>\n<p><!--\n<link rel=\"stylesheet\" href=\"css\/bootstrap.min.css\">\n\n\n<ul class=\"pagination\">\n\t    \n\t\n\n<li >\n\t<a href='?page_no=20083'>Previous<\/a>\n\t<\/li>\n\n\n       \n    \n\n<li><a href='?page_no=1'>1<\/a><\/li>\n\n\n\n<li><a href='?page_no=2'>2<\/a><\/li>\n\n\n\n<li><a>...<\/a><\/li>\n\n\n\n<li><a href='?page_no=20082'>20082<\/a><\/li>\n\n\n\n<li><a href='?page_no=20083'>20083<\/a><\/li>\n\n\n\n<li class='active'><a>20084<\/a><\/li>\n\n\n\n<li><a href='?page_no=20085'>20085<\/a><\/li>\n\n\n\n<li><a href='?page_no=20086'>20086<\/a><\/li>\n\n\n\n<li><a>...<\/a><\/li>\n\n\n\n<li><a href='?page_no=36618'>36618<\/a><\/li>\n\n\n\n<li><a href='?page_no=36619'>36619<\/a><\/li>\n\n    \n\t\n\n<li >\n\t<a href='?page_no=20085'>Next<\/a>\n\t<\/li>\n\n\n    \n\n<li><a href='?page_no=36619'>Last &rsaquo;&rsaquo;<\/a><\/li>\n\n<\/ul>\n\n\n--><br \/>\n<\/body><\/p>\n","protected":false},"excerpt":{"rendered":"<p>Cenov\u00ed, San Francisco de Macor\u00eds, RD, 13 de Julio.-El joven empresario Eddy Medina ha sido designado presidente del Comit\u00e9 Organizador del XIV Torneo Interligas de Baloncesto de Cenov\u00ed, pautado para arrancar el s\u00e1bado 27 de julio con participaci\u00f3n de seis equipos. Medina, presidente de Opal Jeans y quien se caracteriza por ofrecer su apoyo a [&hellip;]<\/p>\n","protected":false},"author":3,"featured_media":0,"comment_status":"open","ping_status":"open","sticky":false,"template":"","format":"standard","meta":{"footnotes":""},"categories":[17],"tags":[],"class_list":["post-212974","post","type-post","status-publish","format-standard","hentry","category-deportes"],"_links":{"self":[{"href":"https:\/\/diariodominicano.com\/index.php?rest_route=\/wp\/v2\/posts\/212974","targetHints":{"allow":["GET"]}}],"collection":[{"href":"https:\/\/diariodominicano.com\/index.php?rest_route=\/wp\/v2\/posts"}],"about":[{"href":"https:\/\/diariodominicano.com\/index.php?rest_route=\/wp\/v2\/types\/post"}],"author":[{"embeddable":true,"href":"https:\/\/diariodominicano.com\/index.php?rest_route=\/wp\/v2\/users\/3"}],"replies":[{"embeddable":true,"href":"https:\/\/diariodominicano.com\/index.php?rest_route=%2Fwp%2Fv2%2Fcomments&post=212974"}],"version-history":[{"count":0,"href":"https:\/\/diariodominicano.com\/index.php?rest_route=\/wp\/v2\/posts\/212974\/revisions"}],"wp:attachment":[{"href":"https:\/\/diariodominicano.com\/index.php?rest_route=%2Fwp%2Fv2%2Fmedia&parent=212974"}],"wp:term":[{"taxonomy":"category","embeddable":true,"href":"https:\/\/diariodominicano.com\/index.php?rest_route=%2Fwp%2Fv2%2Fcategories&post=212974"},{"taxonomy":"post_tag","embeddable":true,"href":"https:\/\/diariodominicano.com\/index.php?rest_route=%2Fwp%2Fv2%2Ftags&post=212974"}],"curies":[{"name":"wp","href":"https:\/\/api.w.org\/{rel}","templated":true}]}}