{"id":210352,"date":"2017-02-21T13:18:22","date_gmt":"2017-02-21T13:18:22","guid":{"rendered":"http:\/\/diariodominicano.ddns.net\/?p=210352"},"modified":"2017-02-21T13:18:22","modified_gmt":"2017-02-21T13:18:22","slug":"emir-de-qatar-examina-marcha-de-preparativos-para-copa-de-futbol-2022","status":"publish","type":"post","link":"https:\/\/diariodominicano.com\/?p=210352","title":{"rendered":"Emir de Qatar examina marcha de preparativos para Copa de f\u00fatbol 2022"},"content":{"rendered":"<p><body><\/p>\n<p><img decoding=\"async\" src=\"img3\/qatar-emir-mundial2022.jpg\" \/>  <\/p>\n<p>Doha, 21 feb (PL) El emir de Qatar, jeque Tamim bin Hamad Al-Thani, examin\u00f3 hoy personalmente la marcha de los preparativos para la Copa Mundial de F\u00fatbol 2022, incluidas las oportunidades de inversi\u00f3n en algunas infraestructuras deportivas.<\/p>\n<\/p>\n<p>Al-Thani presidi\u00f3 la primera reuni\u00f3n de este a\u00f1o de la Junta de Directores del Comit\u00e9 Supremo para Entrega y Legado, nombre oficial del \u00f3rgano responsable de las labores de construcci\u00f3n y modernizaci\u00f3n de instalaciones, as\u00ed como de otros aspectos log\u00edsticos para el torneo futbol\u00edstico.<\/p>\n<\/p>\n<p>El encuentro sostenido este martes en el Emiri Diwan, sede del mandatario, cont\u00f3 con la presencia del viceemir, jeque Abdullah bin Hamad Al-Thani, as\u00ed como del representante personal del gobernante y vicejefe de la Junta de Directores de dicho comit\u00e9, jeque Jassim bin Hamad Al-Thani.<\/p>\n<\/p>\n<p>Seg\u00fan fuentes presentes en la cita, se discuti\u00f3 acerca de los \u00faltimos acontecimientos y el progreso alcanzado en meses recientes en los proyectos para la Copa Mundial de la FIFA prevista para dentro de cinco a\u00f1os, la primera que tendr\u00e1 lugar en un pa\u00eds \u00e1rabe.<\/p>\n<\/p>\n<p>Con la asistencia tambi\u00e9n del primer ministgro y ministro del Interior qatar\u00ed, Abdullah bin Nasser bin Khalifa Al-Thani, quien es tambi\u00e9n miembro del comit\u00e9, y de otros funcionarios, se trat\u00f3 igualmente lo relativo a oportunidades de inversiones en el estadio Ras Abu Aboud.<\/p>\n<\/p>\n<p>Durante la visita en abril de 2016 a Doha del presidente de la FIFA, Gianni Infantino, el emir ratific\u00f3 el compromiso de Qatar de organizar con \u00e9xito la Copa 2022 y seguir mejorando sus leyes para garantizar el respeto a los derechos de obreros expatriados, incluidos los vinculados al torneo.<\/p>\n<\/p>\n<p>Infantino, quien se interes\u00f3 por conocer de primera mano la situaci\u00f3n log\u00edstica y organizativa de cara al certamen deportivo, revis\u00f3 entonces con Al-Thani las relaciones de cooperaci\u00f3n con el organismo internacional y los medios para mejorarlas.<\/p>\n<\/p>\n<p>En lo tocante a infraestructuras y asuntos log\u00edsticos, el directivo de la FIFA constat\u00f3 el estado de varias obras durante un recorrido por el Estadio Internacional Khalifa, que es sometido a remodelaci\u00f3n para acoger la ceremonia inaugural de la Copa Mundial.<\/p>\n<h6> 2017-02-21 13:18:22 <\/h6>\n<p><!--\n<link rel=\"stylesheet\" href=\"css\/bootstrap.min.css\">\n\n\n<ul class=\"pagination\">\n\t    \n\t\n\n<li >\n\t<a href='?page_no=9563'>Previous<\/a>\n\t<\/li>\n\n\n       \n    \n\n<li><a href='?page_no=1'>1<\/a><\/li>\n\n\n\n<li><a href='?page_no=2'>2<\/a><\/li>\n\n\n\n<li><a>...<\/a><\/li>\n\n\n\n<li><a href='?page_no=9562'>9562<\/a><\/li>\n\n\n\n<li><a href='?page_no=9563'>9563<\/a><\/li>\n\n\n\n<li class='active'><a>9564<\/a><\/li>\n\n\n\n<li><a href='?page_no=9565'>9565<\/a><\/li>\n\n\n\n<li><a href='?page_no=9566'>9566<\/a><\/li>\n\n\n\n<li><a>...<\/a><\/li>\n\n\n\n<li><a href='?page_no=36618'>36618<\/a><\/li>\n\n\n\n<li><a href='?page_no=36619'>36619<\/a><\/li>\n\n    \n\t\n\n<li >\n\t<a href='?page_no=9565'>Next<\/a>\n\t<\/li>\n\n\n    \n\n<li><a href='?page_no=36619'>Last &rsaquo;&rsaquo;<\/a><\/li>\n\n<\/ul>\n\n\n--><br \/>\n<\/body><\/p>\n","protected":false},"excerpt":{"rendered":"<p>Doha, 21 feb (PL) El emir de Qatar, jeque Tamim bin Hamad Al-Thani, examin\u00f3 hoy personalmente la marcha de los preparativos para la Copa Mundial de F\u00fatbol 2022, incluidas las oportunidades de inversi\u00f3n en algunas infraestructuras deportivas. Al-Thani presidi\u00f3 la primera reuni\u00f3n de este a\u00f1o de la Junta de Directores del Comit\u00e9 Supremo para Entrega [&hellip;]<\/p>\n","protected":false},"author":3,"featured_media":0,"comment_status":"open","ping_status":"open","sticky":false,"template":"","format":"standard","meta":{"footnotes":""},"categories":[17],"tags":[],"class_list":["post-210352","post","type-post","status-publish","format-standard","hentry","category-deportes"],"_links":{"self":[{"href":"https:\/\/diariodominicano.com\/index.php?rest_route=\/wp\/v2\/posts\/210352","targetHints":{"allow":["GET"]}}],"collection":[{"href":"https:\/\/diariodominicano.com\/index.php?rest_route=\/wp\/v2\/posts"}],"about":[{"href":"https:\/\/diariodominicano.com\/index.php?rest_route=\/wp\/v2\/types\/post"}],"author":[{"embeddable":true,"href":"https:\/\/diariodominicano.com\/index.php?rest_route=\/wp\/v2\/users\/3"}],"replies":[{"embeddable":true,"href":"https:\/\/diariodominicano.com\/index.php?rest_route=%2Fwp%2Fv2%2Fcomments&post=210352"}],"version-history":[{"count":0,"href":"https:\/\/diariodominicano.com\/index.php?rest_route=\/wp\/v2\/posts\/210352\/revisions"}],"wp:attachment":[{"href":"https:\/\/diariodominicano.com\/index.php?rest_route=%2Fwp%2Fv2%2Fmedia&parent=210352"}],"wp:term":[{"taxonomy":"category","embeddable":true,"href":"https:\/\/diariodominicano.com\/index.php?rest_route=%2Fwp%2Fv2%2Fcategories&post=210352"},{"taxonomy":"post_tag","embeddable":true,"href":"https:\/\/diariodominicano.com\/index.php?rest_route=%2Fwp%2Fv2%2Ftags&post=210352"}],"curies":[{"name":"wp","href":"https:\/\/api.w.org\/{rel}","templated":true}]}}